{"id":108200,"date":"2025-05-18T00:56:23","date_gmt":"2025-05-18T00:56:23","guid":{"rendered":"https:\/\/www.europesays.com\/fr\/108200\/"},"modified":"2025-05-18T00:56:23","modified_gmt":"2025-05-18T00:56:23","slug":"une-entreprise-de-purificateurs-deau-de-loire-atlantique-victime-de-donald-trump","status":"publish","type":"post","link":"https:\/\/www.europesays.com\/fr\/108200\/","title":{"rendered":"Une entreprise de purificateurs d\u2019eau de Loire-Atlantique victime de Donald Trump"},"content":{"rendered":"<p>Quand une d\u00e9cision du pr\u00e9sident Trump outre-atlantique fissure les \u00e9lans d\u2019une entreprise lig\u00e9rienne pour in fine fragiliser l\u2019acc\u00e8s \u00e0 une eau potable dans 50\u00a0pays\u2026<\/p>\n<p>Le pr\u00e9sident am\u00e9ricain a drastiquement r\u00e9duit le p\u00e9rim\u00e8tre de l\u2019agence d\u2019aide internationale USAID, dont le budget se chiffrait \u00e0 44\u00a0milliards de dollars en 2024. D\u00e9j\u00e0 touch\u00e9e par un contexte g\u00e9opolitique mondial d\u00e9favorable, l\u2019entreprise nantaise <a href=\"https:\/\/rennes.maville.com\/actu\/actudet_-une-piece-en-filets-de-peche-recycles-pour-le-purificateur-d-eau-de-fonto-de-vivo-_8-5885553_actu.Htm?utm_source=troove&amp;utm_medium=site\" target=\"_blank\" rel=\"noopener\">Fonto de Vivo<\/a>, acteur de l\u2019humanitaire, en subit les cons\u00e9quences.<\/p>\n<p> <strong> \u00a0Les budgets des ONG sont directement ou en partie constitu\u00e9s de financements publics am\u00e9ricains et la fin de l\u2019agence am\u00e9ricaine de d\u00e9veloppement humanitaire, Usaid, d\u00e9cr\u00e9t\u00e9e par l\u2019administration Trump, les a appauvris. Nous anticipons par cette proc\u00e9dure de redressement la baisse des financements<\/strong>\u00a0\u00bb, pr\u00e9cise Fonto de Vivo.<\/p>\n<p>Le 7\u00a0mai 2025, \u00a0dans une logique de continuit\u00e9 d\u2019activit\u00e9 et de transmission d\u2019entreprise\u00a0, fait-elle savoir, elle \u00e9tait plac\u00e9e en redressement judiciaire par le tribunal de commerce de Nantes. \u00a0L\u2019activit\u00e9 continue. Les commandes sont honor\u00e9es. Et nous avons d\u00e9j\u00e0 des marques d\u2019int\u00e9r\u00eat pour une reprise\u00a0, rassure Anthony Cailleau, pr\u00e9sident et cofondateur.<\/p>\n<p>\u00ab\u00a0Au service des plus vuln\u00e9rables\u00a0\u00bb<\/p>\n<p>Depuis 2019, <a href=\"https:\/\/nantes.maville.com\/actu\/actudet_-cyclone.-eau-potable-une-entreprise-de-treillieres-au-chevet-de-mayotte-_8-6605588_actu.Htm?utm_source=troove&amp;utm_medium=site\" target=\"_self\" rel=\"noopener\">Fonto de Vivo<\/a> a d\u00e9ploy\u00e9 plus de 25\u00a0000\u00a0purificateurs d\u2019eau dans 50\u00a0pays en s\u2019appuyant sur des ONG telles que M\u00e9decins Sans Fronti\u00e8res, la Croix-Rouge ou Solidarit\u00e9s International.<\/p>\n<p>Con\u00e7us pour transformer instantan\u00e9ment l\u2019eau impropre en eau potable, sans avoir recours \u00e0 du mat\u00e9riel complexe, ces purificateurs sont l\u00e9gers car pesant 2\u00a0kg. Compacts et simples \u00e0 d\u00e9ployer, ils sont adapt\u00e9s aux urgences humanitaires. \u00a0Le mod\u00e8le repose sur une technologie low-tech, durable et certifi\u00e9e, au service des plus vuln\u00e9rables\u00a0, assure l\u2019entreprise.<\/p>\n<p>Quid des prochains mois\u00a0? \u00a0Le redressement judiciaire offre un cadre protecteur pour pr\u00e9parer l\u2019avenir, pr\u00e9server l\u2019activit\u00e9 et les emplois (8\u00a0salari\u00e9s) et identifier le ou les repreneurs\u00a0, fait savoir Anthony Cailleau. Et d\u2019assurer que la jeune entreprise dispose de vrais relais de croissance\u00a0: d\u00e9veloppement du march\u00e9 des particuliers, besoins croissants de gouvernements de pays \u00e9mergents, marque reconnue en France et \u00e0 l\u2019international\u2026<\/p>\n<p><a href=\"https:\/\/rennes.maville.com\/actu\/actudet_-grace-au-purificateur-d-une-start-up-nantaise-de-l-eau-potable-pour-la-bas-et-pour-ici-_8-5579791_actu.Htm?utm_source=troove&amp;utm_medium=site\" target=\"_blank\" rel=\"noopener\">Fonto de Vivo<\/a> estime que plus de 600\u00a0000\u00a0personnes disposent d\u2019une eau saine gr\u00e2ce \u00e0 son purificateur.<\/p>\n<p>\u00a0<\/p>\n","protected":false},"excerpt":{"rendered":"Quand une d\u00e9cision du pr\u00e9sident Trump outre-atlantique fissure les \u00e9lans d\u2019une entreprise lig\u00e9rienne pour in fine fragiliser l\u2019acc\u00e8s&hellip;\n","protected":false},"author":2,"featured_media":108201,"comment_status":"","ping_status":"","sticky":false,"template":"","format":"standard","meta":{"footnotes":""},"categories":[2818],"tags":[1111,11,15016,4858,257,1777,674,1011,27,3047,766,12,2636,19681,25,467,9418],"class_list":{"0":"post-108200","1":"post","2":"type-post","3":"status-publish","4":"format-standard","5":"has-post-thumbnail","7":"category-nantes","8":"tag-actu","9":"tag-actualites","10":"tag-donald","11":"tag-eau","12":"tag-entreprise","13":"tag-eu","14":"tag-europe","15":"tag-fr","16":"tag-france","17":"tag-loire-atlantique","18":"tag-nantes","19":"tag-news","20":"tag-pays-de-la-loire","21":"tag-purificateurs","22":"tag-republique-francaise","23":"tag-trump","24":"tag-victime"},"share_on_mastodon":{"url":"https:\/\/pubeurope.com\/@fr\/114526118395295965","error":""},"_links":{"self":[{"href":"https:\/\/www.europesays.com\/fr\/wp-json\/wp\/v2\/posts\/108200","targetHints":{"allow":["GET"]}}],"collection":[{"href":"https:\/\/www.europesays.com\/fr\/wp-json\/wp\/v2\/posts"}],"about":[{"href":"https:\/\/www.europesays.com\/fr\/wp-json\/wp\/v2\/types\/post"}],"author":[{"embeddable":true,"href":"https:\/\/www.europesays.com\/fr\/wp-json\/wp\/v2\/users\/2"}],"replies":[{"embeddable":true,"href":"https:\/\/www.europesays.com\/fr\/wp-json\/wp\/v2\/comments?post=108200"}],"version-history":[{"count":0,"href":"https:\/\/www.europesays.com\/fr\/wp-json\/wp\/v2\/posts\/108200\/revisions"}],"wp:featuredmedia":[{"embeddable":true,"href":"https:\/\/www.europesays.com\/fr\/wp-json\/wp\/v2\/media\/108201"}],"wp:attachment":[{"href":"https:\/\/www.europesays.com\/fr\/wp-json\/wp\/v2\/media?parent=108200"}],"wp:term":[{"taxonomy":"category","embeddable":true,"href":"https:\/\/www.europesays.com\/fr\/wp-json\/wp\/v2\/categories?post=108200"},{"taxonomy":"post_tag","embeddable":true,"href":"https:\/\/www.europesays.com\/fr\/wp-json\/wp\/v2\/tags?post=108200"}],"curies":[{"name":"wp","href":"https:\/\/api.w.org\/{rel}","templated":true}]}}