{"id":1082141,"date":"2026-07-23T01:11:13","date_gmt":"2026-07-23T01:11:13","guid":{"rendered":"https:\/\/www.europesays.com\/fr\/1082141\/"},"modified":"2026-07-23T01:11:13","modified_gmt":"2026-07-23T01:11:13","slug":"plus-belle-la-vie-en-avance-resume-de-lepisode-633-du-jeudi-23-juillet","status":"publish","type":"post","link":"https:\/\/www.europesays.com\/fr\/1082141\/","title":{"rendered":"Plus belle la vie en avance : r\u00e9sum\u00e9 de l&rsquo;\u00e9pisode 633 du jeudi 23 juillet"},"content":{"rendered":"<p>Une simple dispute, une confession difficile et un \u00e9v\u00e9nement<br \/>\ninexpliqu\u00e9 suffisent \u00e0 faire vaciller l\u2019\u00e9quilibre d\u00e9j\u00e0 fragile des<br \/>\nhabitants du Mistral. Dans l\u2019\u00e9pisode de Plus belle la vie diffus\u00e9<br \/>\nle jeudi 23 juillet 2026 sur TF1, les \u00e9motions s\u2019entrechoquent<br \/>\ntandis que <a href=\"https:\/\/www.melty.fr\/series\/plus-belle-la-vie-en-avance-resume-de-lepisode-632-du-mercredi-22-juillet-2333400.html\" rel=\"nofollow noopener\" target=\"_blank\"><br \/>\nle myst\u00e8re autour de la villa Kepler prend une tournure encore plus<br \/>\ntroublante<\/a>.<\/p>\n<p>\u00c0 Marseille, les histoires personnelles deviennent de plus en<br \/>\nplus complexes. Entre jalousie naissante, mal-\u00eatre profond et<br \/>\nmensonges qui s\u2019accumulent, chaque personnage semble avancer sur<br \/>\nune ligne de cr\u00eate, pr\u00eat \u00e0 basculer \u00e0 tout moment.<\/p>\n<p>Baptiste, Morgane et Chlo\u00e9, un triangle sous tension<\/p>\n<p>D\u00e8s le matin, une tension palpable s\u2019installe entre Baptiste et<br \/>\nChlo\u00e9. Cette derni\u00e8re lui reproche son absence de la veille, lui<br \/>\nrappelant qu\u2019il n\u2019a pas pris la peine de pr\u00e9venir. Derri\u00e8re cette<br \/>\ncol\u00e8re, une autre \u00e9motion semble se dessiner.<\/p>\n<p>Lorsque Baptiste \u00e9voque son envie de revoir Morgane, la r\u00e9action<br \/>\nde Chlo\u00e9 est imm\u00e9diate et tranchante : \u00ab\u00a0ENCORE ! Je ne suis pas ta<br \/>\nbaby-sitter\u00a0\u00bb. Elle refuse clairement de prendre en charge Mathis<br \/>\npendant ses rendez-vous.<\/p>\n<p>Pour masquer ce qui pourrait \u00eatre de la jalousie, Chlo\u00e9 pr\u00e9tend<br \/>\navoir elle-m\u00eame un rendez-vous. <a href=\"https:\/\/www.melty.fr\/series\/plus-belle-la-vie-en-avance-resume-de-lepisode-631-du-mardi-21-juillet-2333212.html\" rel=\"nofollow noopener\" target=\"_blank\"><br \/>\nUne strat\u00e9gie qui laisse planer le doute sur ses v\u00e9ritables<br \/>\nsentiments<\/a>. Plus tard, face \u00e0 Luna, elle assure avoir tourn\u00e9 la<br \/>\npage, mais ses r\u00e9actions racontent une toute autre histoire.<\/p>\n<p>Ariane face \u00e0 un mal-\u00eatre qu\u2019elle ne peut plus cacher<\/p>\n<p>Au commissariat, Ariane tente de garder la t\u00eate hors de l\u2019eau.<br \/>\nMais face \u00e0 Jean-Paul, elle finit par craquer. Elle d\u00e9crit son \u00e9tat<br \/>\navec des mots forts : \u00ab\u00a0C&rsquo;est comme si j&rsquo;\u00e9tais sous l&rsquo;eau (&#8230;) et<br \/>\nque je n&rsquo;arrivais jamais \u00e0 remonter\u00a0\u00bb.<\/p>\n<p>De retour chez elle, la situation devient encore plus difficile.<br \/>\nFace \u00e0 Djawad, elle se livre sans filtre. Elle observe le lien<br \/>\nentre lui et leur enfant, et avoue son propre malaise : \u00ab\u00a0Je te vois<br \/>\navec Harry, tu n&rsquo;arr\u00eates pas de jouer avec lui, de lui parler. Moi,<br \/>\nje subis\u00a0\u00bb.<\/p>\n<p>Puis viennent les mots les plus douloureux, ceux qu\u2019elle<br \/>\nn\u2019arrivait plus \u00e0 retenir : \u00ab\u00a0Je n&rsquo;aime pas m&rsquo;occuper de lui. Je<br \/>\nl&rsquo;aime, je donnerai ma vie pour lui, mais je ne suis pas faite pour<br \/>\n\u00eatre m\u00e8re\u00a0\u00bb.<\/p>\n<p>Oph\u00e9lie, entre mensonges et secrets enfouis<\/p>\n<p>Pendant ce temps, la situation autour d\u2019Oph\u00e9lie devient de plus<br \/>\nen plus trouble. Accus\u00e9e d\u2019\u00eatre derri\u00e8re les \u00e9v\u00e9nements \u00e9tranges de<br \/>\nla villa, elle continue de nier toute implication. Face \u00e0 Thomas,<br \/>\nelle tente de calmer les tensions et affirme simplement : \u00ab\u00a0Je n&rsquo;ai<br \/>\nrien contre vous\u00a0\u00bb. Mais derri\u00e8re cette apparente sinc\u00e9rit\u00e9, ses<br \/>\nactes racontent une autre r\u00e9alit\u00e9. En obtenant l\u2019acc\u00e8s \u00e0 sa<br \/>\nchambre, elle cherche un objet cach\u00e9 dans un mannequin. Pourtant,<br \/>\nce qu\u2019elle d\u00e9couvre la d\u00e9stabilise : ce qu\u2019elle pensait dissimuler<br \/>\na presque enti\u00e8rement disparu.<\/p>\n<p>La villa Kepler, un ph\u00e9nom\u00e8ne qui<br \/>\ns\u2019intensifie<\/p>\n<p>Du c\u00f4t\u00e9 de Thomas et Gabriel, la tension ne retombe pas. Apr\u00e8s<br \/>\nles \u00e9v\u00e9nements pr\u00e9c\u00e9dents, ils envisagent de quitter la maison.<br \/>\nMais Vanessa leur demande de rester, insistant : \u00ab\u00a0Je vous demande<br \/>\n\u00e7a comme un service, est-ce que vous pourriez rester un peu ?\u00a0\u00bb. Ils<br \/>\nacceptent temporairement, malgr\u00e9 l\u2019inqui\u00e9tude grandissante. Et<br \/>\ncette inqui\u00e9tude va rapidement se confirmer.<\/p>\n<p>Alors qu\u2019ils partagent un moment calme, la situation bascule<br \/>\nbrutalement. Sans pr\u00e9venir, la villa se met \u00e0 trembler. Un<br \/>\n\u00e9v\u00e9nement soudain, inexplicable, qui vient renforcer l\u2019id\u00e9e que<br \/>\nquelque chose d\u2019anormal se produit dans cette maison. Pendant ce<br \/>\ntemps, Ulysse fait un lien crucial entre le tag rouge et le<br \/>\ntatouage d\u2019Hugo. Une r\u00e9v\u00e9lation qu\u2019il choisit de garder pour lui,<br \/>\najoutant une nouvelle couche de myst\u00e8re \u00e0 une intrigue d\u00e9j\u00e0<br \/>\ndense.<\/p>\n","protected":false},"excerpt":{"rendered":"Une simple dispute, une confession difficile et un \u00e9v\u00e9nement inexpliqu\u00e9 suffisent \u00e0 faire vaciller l\u2019\u00e9quilibre d\u00e9j\u00e0 fragile des&hellip;\n","protected":false},"author":2,"featured_media":1082142,"comment_status":"","ping_status":"","sticky":false,"template":"","format":"standard","meta":{"footnotes":"","_share_on_mastodon":"0"},"categories":[1356],"tags":[58,59,1011,27,1368,252,199,1364],"class_list":["post-1082141","post","type-post","status-publish","format-standard","has-post-thumbnail","category-television","tag-divertissement","tag-entertainment","tag-fr","tag-france","tag-plus-belle-la-vie","tag-television","tag-tf1","tag-tv"],"share_on_mastodon":{"url":"https:\/\/pubeurope.com\/@fr\/116966633241454387","error":""},"_links":{"self":[{"href":"https:\/\/www.europesays.com\/fr\/wp-json\/wp\/v2\/posts\/1082141","targetHints":{"allow":["GET"]}}],"collection":[{"href":"https:\/\/www.europesays.com\/fr\/wp-json\/wp\/v2\/posts"}],"about":[{"href":"https:\/\/www.europesays.com\/fr\/wp-json\/wp\/v2\/types\/post"}],"author":[{"embeddable":true,"href":"https:\/\/www.europesays.com\/fr\/wp-json\/wp\/v2\/users\/2"}],"replies":[{"embeddable":true,"href":"https:\/\/www.europesays.com\/fr\/wp-json\/wp\/v2\/comments?post=1082141"}],"version-history":[{"count":0,"href":"https:\/\/www.europesays.com\/fr\/wp-json\/wp\/v2\/posts\/1082141\/revisions"}],"wp:featuredmedia":[{"embeddable":true,"href":"https:\/\/www.europesays.com\/fr\/wp-json\/wp\/v2\/media\/1082142"}],"wp:attachment":[{"href":"https:\/\/www.europesays.com\/fr\/wp-json\/wp\/v2\/media?parent=1082141"}],"wp:term":[{"taxonomy":"category","embeddable":true,"href":"https:\/\/www.europesays.com\/fr\/wp-json\/wp\/v2\/categories?post=1082141"},{"taxonomy":"post_tag","embeddable":true,"href":"https:\/\/www.europesays.com\/fr\/wp-json\/wp\/v2\/tags?post=1082141"}],"curies":[{"name":"wp","href":"https:\/\/api.w.org\/{rel}","templated":true}]}}