{"id":108219,"date":"2025-05-18T01:08:19","date_gmt":"2025-05-18T01:08:19","guid":{"rendered":"https:\/\/www.europesays.com\/fr\/108219\/"},"modified":"2025-05-18T01:08:19","modified_gmt":"2025-05-18T01:08:19","slug":"en-video-les-adieux-emouvants-dalexandre-lacazette-avec-lyon","status":"publish","type":"post","link":"https:\/\/www.europesays.com\/fr\/108219\/","title":{"rendered":"en vid\u00e9o, les adieux \u00e9mouvants d\u2019Alexandre Lacazette avec Lyon"},"content":{"rendered":"<p>Ce samedi soir, l\u2019international fran\u00e7ais Alexandre Lacazette a disput\u00e9 son dernier match sous les couleurs lyonnaises et a re\u00e7u une belle ovation de la part de son public.<\/p>\n<p class=\"fig-paragraph\">Voil\u00e0, c\u2019est fini&#8230; Ce samedi soir, Alexandre Lacazette a disput\u00e9 son dernier match avec\u00a0<a href=\"http:\/\/www.lefigaro.fr\/sports\/football\/ligue-1\/ligue-1-nice-en-ligue-des-champions-lyon-qualifie-in-extremis-strasbourg-peut-s-en-mordre-les-doigts-20250517\" data-fig-type=\"NewsFlash\" data-gtm-custom-categorie=\"navigation\" data-gtm-custom-action=\"crossclick\" data-gtm-custom-label=\"Contextuel\" data-gtm-event=\"customEventSPE\" data-fig-domain=\"LEFIGARO\" target=\"_blank\" rel=\"noopener\">Lyon<\/a>. Accueilli avec un magnifique tifo accompagn\u00e9 d\u2019un joli message (\u00abDu centre de formation \u00e0 capitaine de Lyon\u00a0: respect \u00e9ternel\u00bb) et plusieurs banderoles, le \u00abG\u00e9n\u00e9ral\u00bb a guid\u00e9 les siens en inscrivant un doubl\u00e9, ses 200e et 201e buts avec les Gones \u00e0 l\u2019occasion de son 391e et dernier match.<\/p>\n<p class=\"fig-paragraph\">Le buteur a donc contribu\u00e9 \u00e0 la victoire des siens contre Angers mais aussi \u00e0 la qualification de l\u2019OL en Ligue Europa Conf\u00e9rence. Il a logiquement \u00e9t\u00e9 ovationn\u00e9 par son public.\u00a0Arriv\u00e9 l\u2019OL en 2003, Alexandre Lacazette, natif de Lyon, aura pass\u00e9 dix saisons de sa carri\u00e8re \u00e0 l\u2019OL (2010-2017, 2022-2025).<\/p>\n","protected":false},"excerpt":{"rendered":"Ce samedi soir, l\u2019international fran\u00e7ais Alexandre Lacazette a disput\u00e9 son dernier match sous les couleurs lyonnaises et a&hellip;\n","protected":false},"author":2,"featured_media":108220,"comment_status":"","ping_status":"","sticky":false,"template":"","format":"standard","meta":{"footnotes":""},"categories":[1889],"tags":[1111,11,4674,460,2430,525,1981,814,1777,674,2257,63,1011,27,3309,66,1307,2428,955,12,1176,978,93,25,1980],"class_list":{"0":"post-108219","1":"post","2":"type-post","3":"status-publish","4":"format-standard","5":"has-post-thumbnail","7":"category-lyon","8":"tag-actu","9":"tag-actualites","10":"tag-alexandre-lacazette","11":"tag-angers-sco","12":"tag-auvergne-rhone-alpes","13":"tag-calendrier","14":"tag-classement","15":"tag-direct","16":"tag-eu","17":"tag-europe","18":"tag-foot","19":"tag-football","20":"tag-fr","21":"tag-france","22":"tag-l1","23":"tag-ligue-1","24":"tag-lille","25":"tag-lyon","26":"tag-match","27":"tag-news","28":"tag-olympique-de-marseille","29":"tag-olympique-lyonnais","30":"tag-psg","31":"tag-republique-francaise","32":"tag-resultats"},"share_on_mastodon":{"url":"https:\/\/pubeurope.com\/@fr\/114526165662296339","error":""},"_links":{"self":[{"href":"https:\/\/www.europesays.com\/fr\/wp-json\/wp\/v2\/posts\/108219","targetHints":{"allow":["GET"]}}],"collection":[{"href":"https:\/\/www.europesays.com\/fr\/wp-json\/wp\/v2\/posts"}],"about":[{"href":"https:\/\/www.europesays.com\/fr\/wp-json\/wp\/v2\/types\/post"}],"author":[{"embeddable":true,"href":"https:\/\/www.europesays.com\/fr\/wp-json\/wp\/v2\/users\/2"}],"replies":[{"embeddable":true,"href":"https:\/\/www.europesays.com\/fr\/wp-json\/wp\/v2\/comments?post=108219"}],"version-history":[{"count":0,"href":"https:\/\/www.europesays.com\/fr\/wp-json\/wp\/v2\/posts\/108219\/revisions"}],"wp:featuredmedia":[{"embeddable":true,"href":"https:\/\/www.europesays.com\/fr\/wp-json\/wp\/v2\/media\/108220"}],"wp:attachment":[{"href":"https:\/\/www.europesays.com\/fr\/wp-json\/wp\/v2\/media?parent=108219"}],"wp:term":[{"taxonomy":"category","embeddable":true,"href":"https:\/\/www.europesays.com\/fr\/wp-json\/wp\/v2\/categories?post=108219"},{"taxonomy":"post_tag","embeddable":true,"href":"https:\/\/www.europesays.com\/fr\/wp-json\/wp\/v2\/tags?post=108219"}],"curies":[{"name":"wp","href":"https:\/\/api.w.org\/{rel}","templated":true}]}}