{"id":1082235,"date":"2026-07-23T02:17:15","date_gmt":"2026-07-23T02:17:15","guid":{"rendered":"https:\/\/www.europesays.com\/fr\/1082235\/"},"modified":"2026-07-23T02:17:15","modified_gmt":"2026-07-23T02:17:15","slug":"lunion-europeenne-donne-son-feu-vert-a-la-megafusion-entre-paramount-et-warner","status":"publish","type":"post","link":"https:\/\/www.europesays.com\/fr\/1082235\/","title":{"rendered":"L&rsquo;Union europ\u00e9enne donne son feu vert \u00e0 la m\u00e9gafusion entre Paramount et Warner"},"content":{"rendered":"<p>L\u2019Union europ\u00e9enne (UE) a approuv\u00e9 cette semaine le rachat de Warner Bros. Discovery par Paramount pour un montant de 81\u00a0milliards\u00a0$\u00a0US. Elle l\u00e8ve ainsi un nouvel obstacle r\u00e9glementaire \u00e0 cette m\u00e9gafusion susceptible de bouleverser profond\u00e9ment le paysage mondial du divertissement et des m\u00e9dias. <\/p>\n<p>Ce feu vert s\u2019accompagne toutefois de certaines conditions.<\/p>\n<p>La Commission europ\u00e9enne, qui est l\u2019autorit\u00e9 de la concurrence de l\u2019UE, a d\u00e9clar\u00e9 que, m\u00eame avec le regroupement Paramount-Warner, il existerait suffisamment de concurrents sur des march\u00e9s tels que la production cin\u00e9matographique et la diffusion en continu au sein de son bloc de 27\u00a0pays. <\/p>\n<p>Cependant, en ce qui concerne la distribution des films dans les salles, la Commission a mis en garde contre une forte concentration qui pourrait entra\u00eener \u00abune d\u00e9t\u00e9rioration des conditions de location et de distribution pour les exploitants de salles, ce qui, en fin de compte, porterait pr\u00e9judice aux consommateurs\u00bb.<\/p>\n<p>Pour rem\u00e9dier \u00e0 cela, la Commission a indiqu\u00e9 que Paramount, d\u00e9tenu par Skydance, avait accept\u00e9 de mettre fin \u00e0 sa participation, au sein de l\u2019Espace \u00e9conomique europ\u00e9en, dans United International Pictures \u2014 une coentreprise de longue date avec un autre grand studio, Universal, que Paramount utilisait pour distribuer des films en salles en dehors de l\u2019Am\u00e9rique du Nord. <\/p>\n<p>L\u2019entreprise doit mettre fin \u00e0 ce partenariat dans les 13\u00a0mois suivant la finalisation de l\u2019acquisition de Warner, a pr\u00e9cis\u00e9 la Commission, et ne conclure aucun nouvel accord avec Universal pendant les dix prochaines ann\u00e9es.<\/p>\n<p>Entre autres conditions, la distribution actuelle des films Warner doit \u00eatre transf\u00e9r\u00e9e vers le m\u00eame circuit que celui utilis\u00e9 par Paramount dans ces pays europ\u00e9ens. La Commission europ\u00e9enne a pr\u00e9cis\u00e9 que son autorisation \u00e9tait subordonn\u00e9e aux engagements pris par l\u2019entreprise et qu\u2019elle surveillerait leur mise en \u0153uvre, sans donner plus de d\u00e9tails sur la mani\u00e8re dont cela serait contr\u00f4l\u00e9.<\/p>\n<p>Paramount s\u2019est f\u00e9licit\u00e9e du feu vert de l\u2019UE, qu\u2019elle a qualifi\u00e9 de \u00abjalon majeur\u00bb vers la finalisation de son acquisition. Dans un communiqu\u00e9 publi\u00e9 mercredi, l\u2019entreprise a ajout\u00e9 que ces autorisations refl\u00e9taient la mani\u00e8re dont l\u2019alliance Paramount-Warner \u00ab\u00e9largira le choix des consommateurs\u00bb et cr\u00e9era une entreprise d\u2019une envergure \u00abcapable de rivaliser avec les entreprises technologiques qui en sont venues \u00e0 dominer le secteur\u00bb.<\/p>\n<p>Universal n\u2019a pas r\u00e9pondu mercredi \u00e0 une demande de commentaire concernant les nouveaux engagements de Paramount en mati\u00e8re de distribution cin\u00e9matographique en Europe.<\/p>\n<p>Une fusion entre Paramount et Warner signifierait de regrouper HBO Max, des titres tr\u00e8s appr\u00e9ci\u00e9s des admirateurs comme \u00abHarry Potter\u00bb et m\u00eame CNN sous le m\u00eame toit que CBS, \u00abTop Gun\u00bb et le service de diffusion en continu Paramount+. <\/p>\n<p>Au-del\u00e0 des films et de la diffusion en continu, les deux entreprises am\u00e9ricaines poss\u00e8dent \u00e9galement plusieurs actifs t\u00e9l\u00e9visuels situ\u00e9s en Europe \u2014 notamment le groupe TVN de Warner en Pologne, ainsi que des cha\u00eenes localis\u00e9es pour les marques phares de Paramount, telles que MTV et Nickelodeon.<\/p>\n","protected":false},"excerpt":{"rendered":"L\u2019Union europ\u00e9enne (UE) a approuv\u00e9 cette semaine le rachat de Warner Bros. Discovery par Paramount pour un montant&hellip;\n","protected":false},"author":2,"featured_media":1082236,"comment_status":"","ping_status":"","sticky":false,"template":"","format":"standard","meta":{"footnotes":"","_share_on_mastodon":"0"},"categories":[1586],"tags":[11,1777,674,1779,1011,27,4574,111830,25179,1854,21611,12,25,1778,364],"class_list":["post-1082235","post","type-post","status-publish","format-standard","has-post-thumbnail","category-europe","tag-actualites","tag-eu","tag-europe","tag-european-union","tag-fr","tag-france","tag-https-lactualite-com-sujet-affaires","tag-https-lactualite-com-sujet-cinema","tag-https-lactualite-com-sujet-culture-arts","tag-https-lactualite-com-sujet-international","tag-https-lactualite-com-sujet-transport","tag-news","tag-republique-francaise","tag-ue","tag-union-europeenne"],"share_on_mastodon":{"url":"https:\/\/pubeurope.com\/@fr\/116966892804731480","error":""},"_links":{"self":[{"href":"https:\/\/www.europesays.com\/fr\/wp-json\/wp\/v2\/posts\/1082235","targetHints":{"allow":["GET"]}}],"collection":[{"href":"https:\/\/www.europesays.com\/fr\/wp-json\/wp\/v2\/posts"}],"about":[{"href":"https:\/\/www.europesays.com\/fr\/wp-json\/wp\/v2\/types\/post"}],"author":[{"embeddable":true,"href":"https:\/\/www.europesays.com\/fr\/wp-json\/wp\/v2\/users\/2"}],"replies":[{"embeddable":true,"href":"https:\/\/www.europesays.com\/fr\/wp-json\/wp\/v2\/comments?post=1082235"}],"version-history":[{"count":0,"href":"https:\/\/www.europesays.com\/fr\/wp-json\/wp\/v2\/posts\/1082235\/revisions"}],"wp:featuredmedia":[{"embeddable":true,"href":"https:\/\/www.europesays.com\/fr\/wp-json\/wp\/v2\/media\/1082236"}],"wp:attachment":[{"href":"https:\/\/www.europesays.com\/fr\/wp-json\/wp\/v2\/media?parent=1082235"}],"wp:term":[{"taxonomy":"category","embeddable":true,"href":"https:\/\/www.europesays.com\/fr\/wp-json\/wp\/v2\/categories?post=1082235"},{"taxonomy":"post_tag","embeddable":true,"href":"https:\/\/www.europesays.com\/fr\/wp-json\/wp\/v2\/tags?post=1082235"}],"curies":[{"name":"wp","href":"https:\/\/api.w.org\/{rel}","templated":true}]}}