{"id":108225,"date":"2025-05-18T01:12:28","date_gmt":"2025-05-18T01:12:28","guid":{"rendered":"https:\/\/www.europesays.com\/fr\/108225\/"},"modified":"2025-05-18T01:12:28","modified_gmt":"2025-05-18T01:12:28","slug":"un-homme-interne-apres-avoir-etrangle-deux-femmes-a-la-station-pyrenees","status":"publish","type":"post","link":"https:\/\/www.europesays.com\/fr\/108225\/","title":{"rendered":"un homme intern\u00e9 apr\u00e8s avoir \u00e9trangl\u00e9 deux femmes \u00e0 la station Pyr\u00e9n\u00e9es"},"content":{"rendered":"<p>                             Par Margaux d\u2019Adh\u00e9mar<\/p>\n<p>                Il y a 6 heures<\/p>\n<p>\u00a0\u00bb<br \/>\n        data-script=\u00a0\u00bbhttps:\/\/static.lefigaro.fr\/widget-video\/short-ttl\/video\/index.js\u00a0\u00bb<br \/>\n    &gt;<\/p>\n<p>L\u2019homme \u00e9tait connu des services de police. Les deux victimes ont \u00e9t\u00e9 conduites \u00e0 l\u2019h\u00f4pital.<\/p>\n<p class=\"fig-paragraph\">Un homme connu des services de police \u00abpour des probl\u00e8mes psychologiques\u00bb a \u00e9t\u00e9 interpell\u00e9 puis \u00abde nouveau intern\u00e9\u00bb apr\u00e8s avoir \u00e9trangl\u00e9 deux femmes \u00e0 la station de m\u00e9tro Pyr\u00e9n\u00e9es, \u00e0 Paris, dans le 19e arrondissement samedi, a appris Le Figaro de source polici\u00e8re.<\/p>\n<p>\u00c9tranglements dans les escalators<\/p>\n<p class=\"fig-paragraph\">Ce samedi matin, l\u2019individu a d\u2019abord tent\u00e9 d\u2019\u00e9trangler une premi\u00e8re femme enceinte, dans les escalators, en l\u2019attrapant par-derri\u00e8re, indique le\u00a0<a href=\"https:\/\/www.lejdd.fr\/Societe\/info-jdd-paris-un-individu-interpelle-apres-avoir-etrangle-deux-femmes-a-la-station-de-metro-pyrenees-158144\" target=\"_blank\" rel=\"nofollow noopener\" data-gtm-custom-categorie=\"navigation\" data-gtm-custom-action=\"crossclick\" data-gtm-custom-label=\"Contextuel\" data-gtm-event=\"customEventSPE\">JDD<\/a>, ce qui nous a \u00e9t\u00e9 confirm\u00e9 par une source polici\u00e8re. Des personnes seraient intervenues pour l\u2019emp\u00eacher de commettre l\u2019irr\u00e9parable.<\/p>\n<p class=\"fig-paragraph\">Apr\u00e8s avoir pris la fuite, l\u2019homme en question serait revenu sur les lieux et aurait fait une nouvelle tentative d\u2019\u00e9tranglement sur une deuxi\u00e8me usag\u00e8re, qui aurait perdu connaissance.<\/p>\n<p class=\"fig-paragraph\">Alors que le malfaiteur \u00e9tait arr\u00eat\u00e9 par la police des transports, les deux victimes ont \u00e9t\u00e9 conduites \u00e0 l\u2019h\u00f4pital. Apr\u00e8s avoir \u00e9t\u00e9 plac\u00e9 en garde \u00e0 vue l\u2019homme aurait, selon nos informations, \u00e9t\u00e9 intern\u00e9.<\/p>\n","protected":false},"excerpt":{"rendered":"Par Margaux d\u2019Adh\u00e9mar Il y a 6 heures \u00a0\u00bb data-script=\u00a0\u00bbhttps:\/\/static.lefigaro.fr\/widget-video\/short-ttl\/video\/index.js\u00a0\u00bb &gt; L\u2019homme \u00e9tait connu des services de police.&hellip;\n","protected":false},"author":2,"featured_media":108226,"comment_status":"","ping_status":"","sticky":false,"template":"","format":"standard","meta":{"footnotes":""},"categories":[1888],"tags":[119,1111,1928,11,1927,3694,271,2951,3695,1777,674,3696,118,1011,27,2825,1253,303,12,1926,626,1925,1072,2694,25,2949],"class_list":{"0":"post-108225","1":"post","2":"type-post","3":"status-publish","4":"format-standard","5":"has-post-thumbnail","7":"category-paris","8":"tag-accident","9":"tag-actu","10":"tag-actu-paris","11":"tag-actualites","12":"tag-actualites-paris","13":"tag-affaires","14":"tag-crime","15":"tag-criminalite","16":"tag-enquetes","17":"tag-eu","18":"tag-europe","19":"tag-evenements","20":"tag-faits-divers","21":"tag-fr","22":"tag-france","23":"tag-insecurite","24":"tag-islamisme","25":"tag-justice","26":"tag-news","27":"tag-news-paris","28":"tag-paris","29":"tag-paris-news","30":"tag-police","31":"tag-proces","32":"tag-republique-francaise","33":"tag-violences"},"share_on_mastodon":{"url":"https:\/\/pubeurope.com\/@fr\/114526181378227089","error":""},"_links":{"self":[{"href":"https:\/\/www.europesays.com\/fr\/wp-json\/wp\/v2\/posts\/108225","targetHints":{"allow":["GET"]}}],"collection":[{"href":"https:\/\/www.europesays.com\/fr\/wp-json\/wp\/v2\/posts"}],"about":[{"href":"https:\/\/www.europesays.com\/fr\/wp-json\/wp\/v2\/types\/post"}],"author":[{"embeddable":true,"href":"https:\/\/www.europesays.com\/fr\/wp-json\/wp\/v2\/users\/2"}],"replies":[{"embeddable":true,"href":"https:\/\/www.europesays.com\/fr\/wp-json\/wp\/v2\/comments?post=108225"}],"version-history":[{"count":0,"href":"https:\/\/www.europesays.com\/fr\/wp-json\/wp\/v2\/posts\/108225\/revisions"}],"wp:featuredmedia":[{"embeddable":true,"href":"https:\/\/www.europesays.com\/fr\/wp-json\/wp\/v2\/media\/108226"}],"wp:attachment":[{"href":"https:\/\/www.europesays.com\/fr\/wp-json\/wp\/v2\/media?parent=108225"}],"wp:term":[{"taxonomy":"category","embeddable":true,"href":"https:\/\/www.europesays.com\/fr\/wp-json\/wp\/v2\/categories?post=108225"},{"taxonomy":"post_tag","embeddable":true,"href":"https:\/\/www.europesays.com\/fr\/wp-json\/wp\/v2\/tags?post=108225"}],"curies":[{"name":"wp","href":"https:\/\/api.w.org\/{rel}","templated":true}]}}