{"id":108233,"date":"2025-05-18T01:16:10","date_gmt":"2025-05-18T01:16:10","guid":{"rendered":"https:\/\/www.europesays.com\/fr\/108233\/"},"modified":"2025-05-18T01:16:10","modified_gmt":"2025-05-18T01:16:10","slug":"ukraine-trump-annonce-quil-parlera-a-poutine-pour-mettre-fin-au-bain-de-sang","status":"publish","type":"post","link":"https:\/\/www.europesays.com\/fr\/108233\/","title":{"rendered":"Ukraine\u00a0: Trump annonce qu\u2019il parlera \u00e0 Poutine pour \u00ab\u00a0mettre fin au bain de sang\u00a0\u00bb"},"content":{"rendered":"<p>Donald Trump a annonc\u00e9 qu\u2019il parlerait lundi \u00e0 son homologue russe pour \u00ab mettre fin au bain de sang \u00bb en Ukraine, apr\u00e8s que la Russie a soulign\u00e9 samedi qu\u2019il n\u2019y aurait pas de rencontre Poutine-Zelensky sans \u00ab accords \u00bb entre Moscou et Kiev, difficilement envisageables pour l\u2019heure.<\/p>\n<p>Au lendemain<a href=\"https:\/\/www.letelegramme.fr\/monde\/guerre-ukraine-russie\/direct-treve-en-ukraine-suivez-notre-direct-sur-les-negociations-en-turquie-6817832.php\" target=\"_blank\" rel=\"nofollow noopener\"> des premiers pourparlers de paix entre Ukrainiens et Russes depuis 2022,<\/a> qui n\u2019ont pas abouti \u00e0 une tr\u00eave, l\u2019arm\u00e9e russe a sur le terrain continu\u00e9 \u00e0 bombarder l\u2019Ukraine, tuant notamment neuf personnes dans le nord, selon les autorit\u00e9s locales.<\/p>\n<p>Donald Trump a d\u00e9clar\u00e9 samedi qu\u2019il parlerait par t\u00e9l\u00e9phone lundi \u00e0 Vladimir Poutine pour \u00e9voquer une fin \u00e0 la guerre, avant de parler \u00e0 Volodymyr Zelensky et \u00e0 plusieurs dirigeants d\u2019\u00c9tats membres de l\u2019Otan.<\/p>\n<p>Mettre fin au \u00ab bain de sang \u00bb<\/p>\n<p>Objectif de l\u2019appel entre Donald Trump et Vladimir Poutine : \u00ab Mettre fin au \u00ab\u00a0bain de sang\u00a0\u00bb \u00bb, a d\u00e9clar\u00e9 le pr\u00e9sident am\u00e9ricain sur sa plateforme Truth Social.<\/p>\n<p>Il a ajout\u00e9 esp\u00e9rer que ce sera \u00ab une journ\u00e9e productive \u00bb, \u00ab qu\u2019un cessez-le-feu aura lieu \u00bb et \u00ab que cette guerre tr\u00e8s violente &#8211; une guerre qui n\u2019aurait jamais d\u00fb se produire &#8211; prenne fin \u00bb.<\/p>\n<p>\u00ab Les \u00c9tats-Unis veulent parvenir \u00e0 une fin durable de la guerre entre la Russie et l\u2019Ukraine \u00bb, conform\u00e9ment au \u00ab message fort du pr\u00e9sident Trump \u00bb, a un peu plus tard abond\u00e9 Tammy Bruce, porte-parole du secr\u00e9taire d\u2019\u00c9tat am\u00e9ricain Marco Rubio, depuis Rome o\u00f9 ce dernier va assister dimanche \u00e0 la messe inaugurale du pape L\u00e9on XIV.<\/p>\n<p>\u00ab Le plan de paix propos\u00e9 par les \u00c9tats-Unis d\u00e9finit la meilleure mani\u00e8re d\u2019aller de l\u2019avant \u00bb, a-t-elle insist\u00e9, en confirmant que Marco Rubio avait eu samedi au t\u00e9l\u00e9phone son homologue russe Sergue\u00ef Lavrov, comme annonc\u00e9 un peu plus t\u00f4t par Moscou, en saluant \u00e9galement l\u2019accord sur l\u2019\u00e9change de prisonniers conclu \u00e0 Istanbul par l\u2019Ukraine et la Russie.<\/p>\n<p>Marco Rubio a au passage exprim\u00e9 sa \u00ab reconnaissance \u00bb \u00e0 l\u2019\u00e9gard du Vatican pour son r\u00f4le dans les \u00e9changes de prisonniers en Ukraine et son implication pour favoriser le retour d\u2019enfants ukrainiens dans leurs foyers.<\/p>\n","protected":false},"excerpt":{"rendered":"Donald Trump a annonc\u00e9 qu\u2019il parlerait lundi \u00e0 son homologue russe pour \u00ab mettre fin au bain de&hellip;\n","protected":false},"author":2,"featured_media":108234,"comment_status":"","ping_status":"","sticky":false,"template":"","format":"standard","meta":{"footnotes":""},"categories":[1590],"tags":[11,765,1777,674,2069,74,12,220],"class_list":{"0":"post-108233","1":"post","2":"type-post","3":"status-publish","4":"format-standard","5":"has-post-thumbnail","7":"category-ukraine","8":"tag-actualites","9":"tag-en-continu","10":"tag-eu","11":"tag-europe","12":"tag-guerre-ukraine-russie","13":"tag-monde","14":"tag-news","15":"tag-ukraine"},"share_on_mastodon":{"url":"https:\/\/pubeurope.com\/@fr\/114526197100559256","error":""},"_links":{"self":[{"href":"https:\/\/www.europesays.com\/fr\/wp-json\/wp\/v2\/posts\/108233","targetHints":{"allow":["GET"]}}],"collection":[{"href":"https:\/\/www.europesays.com\/fr\/wp-json\/wp\/v2\/posts"}],"about":[{"href":"https:\/\/www.europesays.com\/fr\/wp-json\/wp\/v2\/types\/post"}],"author":[{"embeddable":true,"href":"https:\/\/www.europesays.com\/fr\/wp-json\/wp\/v2\/users\/2"}],"replies":[{"embeddable":true,"href":"https:\/\/www.europesays.com\/fr\/wp-json\/wp\/v2\/comments?post=108233"}],"version-history":[{"count":0,"href":"https:\/\/www.europesays.com\/fr\/wp-json\/wp\/v2\/posts\/108233\/revisions"}],"wp:featuredmedia":[{"embeddable":true,"href":"https:\/\/www.europesays.com\/fr\/wp-json\/wp\/v2\/media\/108234"}],"wp:attachment":[{"href":"https:\/\/www.europesays.com\/fr\/wp-json\/wp\/v2\/media?parent=108233"}],"wp:term":[{"taxonomy":"category","embeddable":true,"href":"https:\/\/www.europesays.com\/fr\/wp-json\/wp\/v2\/categories?post=108233"},{"taxonomy":"post_tag","embeddable":true,"href":"https:\/\/www.europesays.com\/fr\/wp-json\/wp\/v2\/tags?post=108233"}],"curies":[{"name":"wp","href":"https:\/\/api.w.org\/{rel}","templated":true}]}}