{"id":108235,"date":"2025-05-18T01:17:10","date_gmt":"2025-05-18T01:17:10","guid":{"rendered":"https:\/\/www.europesays.com\/fr\/108235\/"},"modified":"2025-05-18T01:17:10","modified_gmt":"2025-05-18T01:17:10","slug":"une-bombe-explose-devant-une-clinique-en-californie-un-mort","status":"publish","type":"post","link":"https:\/\/www.europesays.com\/fr\/108235\/","title":{"rendered":"une bombe explose devant une clinique en Californie, un mort"},"content":{"rendered":"<p><img decoding=\"async\" class=\"caas-img caas-lazy has-preview\" src=\"https:\/\/www.europesays.com\/fr\/wp-content\/uploads\/2025\/05\/9af3ea2f1db4aa35c83f4b34c20641b7.jpeg\"\/><\/p>\n<p>Un v\u00e9hicule a explos\u00e9 samedi 17 mai devant une clinique sp\u00e9cialis\u00e9e dans la <a href=\"https:\/\/www.bfmtv.com\/sante\/un-des-nouveaux-droits-de-la-loi-de-bioethique-les-personnes-nees-de-pma-auront-desormais-acces-a-leurs-origines_AD-202503310674.html\" rel=\"nofollow noopener\" target=\"_blank\" data-ylk=\"slk:procr\u00e9ation m\u00e9dicalement assist\u00e9e;elm:context_link;itc:0;sec:content-canvas\" class=\"link \">procr\u00e9ation m\u00e9dicalement assist\u00e9e<\/a> dans la ville californienne de Palm Springs, le maire \u00e9voquant aupr\u00e8s de m\u00e9dias am\u00e9ricains une bombe et un mort, ce qu&rsquo;a confirm\u00e9 l&rsquo;\u00e9tablissement.<\/p>\n<p>Le maire de la ville, Ron DeHarte, a notamment \u00e9crit au Los Angeles Times pour dire qu&rsquo;il s&rsquo;agissait \u00ab\u00a0d&rsquo;<a href=\"https:\/\/fr.news.yahoo.com\/br%C3%A9sil-deux-personnes-arr%C3%AAt%C3%A9es-lien-154102508.html\" data-ylk=\"slk:une bombe;elm:context_link;itc:0;sec:content-canvas;outcm:mb_qualified_link;_E:mb_qualified_link;ct:story;\" class=\"link  yahoo-link\" target=\"_blank\" rel=\"noopener\">une bombe<\/a> dans ou pr\u00e8s du parking du b\u00e2timent. Un mort\u00a0\u00bb.<\/p>\n<p>\u00ab\u00a0Ce matin, un \u00e9v\u00e9nement inattendu et tragique s&rsquo;est d\u00e9roul\u00e9 devant notre local de Palm Springs quand un v\u00e9hicule a explos\u00e9 sur un parking pr\u00e8s de notre b\u00e2timent\u00a0\u00bb, a \u00e9crit la clinique dans un communiqu\u00e9 sur Facebook.<\/p>\n<p>L&rsquo;explosion \u00ab\u00a0semble \u00eatre un acte intentionnel\u00a0\u00bb, a indiqu\u00e9 la police.<\/p>\n<p>Le FBI sur place<\/p>\n<p>\u00ab\u00a0Nous avons le coeur bris\u00e9 d&rsquo;apprendre que cet \u00e9v\u00e9nement a enlev\u00e9 une vie et caus\u00e9 des blessures\u00a0\u00bb, ajoute le texte, pr\u00e9cisant que le laboratoire qui stocke gam\u00e8tes et embryons n&rsquo;a pas \u00e9t\u00e9 touch\u00e9.<\/p>\n<p>L&rsquo;explosion a eu lieu peu avant 11 heures locales, a \u00e9crit la ville dans un communiqu\u00e9 sur Facebook, demandant aux habitants de se tenir \u00e9loign\u00e9 de la zone.<\/p>\n<p>\u00ab\u00a0Nous sommes au courant d&rsquo;une explosion qui s&rsquo;est d\u00e9roul\u00e9e ce matin \u00e0 Palm Springs\u00a0\u00bb, a \u00e9crit sur X Bill Essayli, procureur f\u00e9d\u00e9ral pour cette zone \u00e0 l&rsquo;est de Los Angeles. \u00ab\u00a0Le FBI est sur place et va enqu\u00eater pour d\u00e9terminer s&rsquo;il s&rsquo;agit d&rsquo;un acte intentionnel\u00a0\u00bb.<\/p>\n<p>Le gouverneur de Californie Gavin Newsom \u00ab\u00a0a \u00e9t\u00e9 tenu au courant d&rsquo;une explosion dans un centre de sant\u00e9 \u00e0 Palm Springs\u00a0\u00bb, ont fait savoir ses services sur X.<\/p>\n<p><a href=\"https:\/\/www.bfmtv.com\/international\/amerique-nord\/etats-unis\/etats-unis-une-bombe-explose-devant-une-clinique-en-californie-un-mort_AD-202505170402.html#xtor=AL-68\" rel=\"nofollow noopener\" target=\"_blank\" data-ylk=\"slk:Article original publi\u00e9 sur BFMTV.com;elm:context_link;itc:0;sec:content-canvas\" class=\"link \">Article original publi\u00e9 sur BFMTV.com<\/a><\/p>\n","protected":false},"excerpt":{"rendered":"Un v\u00e9hicule a explos\u00e9 samedi 17 mai devant une clinique sp\u00e9cialis\u00e9e dans la procr\u00e9ation m\u00e9dicalement assist\u00e9e dans la&hellip;\n","protected":false},"author":2,"featured_media":108236,"comment_status":"","ping_status":"","sticky":false,"template":"","format":"standard","meta":{"footnotes":""},"categories":[1589],"tags":[11,22607,22606,3562,73,1866,12,22604,22605,1864,1865,1863,308],"class_list":{"0":"post-108235","1":"post","2":"type-post","3":"status-publish","4":"format-standard","5":"has-post-thumbnail","7":"category-etats-unis","8":"tag-actualites","9":"tag-ce-matin","10":"tag-centre-de-sante","11":"tag-clinique","12":"tag-etats-unis","13":"tag-etats-unis-damerique","14":"tag-news","15":"tag-palm-springs","16":"tag-procureur-federal","17":"tag-united-states","18":"tag-united-states-of-america","19":"tag-us","20":"tag-usa"},"share_on_mastodon":{"url":"https:\/\/pubeurope.com\/@fr\/114526201060814723","error":""},"_links":{"self":[{"href":"https:\/\/www.europesays.com\/fr\/wp-json\/wp\/v2\/posts\/108235","targetHints":{"allow":["GET"]}}],"collection":[{"href":"https:\/\/www.europesays.com\/fr\/wp-json\/wp\/v2\/posts"}],"about":[{"href":"https:\/\/www.europesays.com\/fr\/wp-json\/wp\/v2\/types\/post"}],"author":[{"embeddable":true,"href":"https:\/\/www.europesays.com\/fr\/wp-json\/wp\/v2\/users\/2"}],"replies":[{"embeddable":true,"href":"https:\/\/www.europesays.com\/fr\/wp-json\/wp\/v2\/comments?post=108235"}],"version-history":[{"count":0,"href":"https:\/\/www.europesays.com\/fr\/wp-json\/wp\/v2\/posts\/108235\/revisions"}],"wp:featuredmedia":[{"embeddable":true,"href":"https:\/\/www.europesays.com\/fr\/wp-json\/wp\/v2\/media\/108236"}],"wp:attachment":[{"href":"https:\/\/www.europesays.com\/fr\/wp-json\/wp\/v2\/media?parent=108235"}],"wp:term":[{"taxonomy":"category","embeddable":true,"href":"https:\/\/www.europesays.com\/fr\/wp-json\/wp\/v2\/categories?post=108235"},{"taxonomy":"post_tag","embeddable":true,"href":"https:\/\/www.europesays.com\/fr\/wp-json\/wp\/v2\/tags?post=108235"}],"curies":[{"name":"wp","href":"https:\/\/api.w.org\/{rel}","templated":true}]}}