{"id":1082363,"date":"2026-07-23T03:57:34","date_gmt":"2026-07-23T03:57:34","guid":{"rendered":"https:\/\/www.europesays.com\/fr\/1082363\/"},"modified":"2026-07-23T03:57:34","modified_gmt":"2026-07-23T03:57:34","slug":"saint-malo-nathalie-blu-a-choisi-intra-muros-pour-ouvrir-sa-premiere-galerie","status":"publish","type":"post","link":"https:\/\/www.europesays.com\/fr\/1082363\/","title":{"rendered":"Saint-Malo : Nathalie Blu a choisi Intra-Muros pour ouvrir sa premi\u00e8re galerie"},"content":{"rendered":"<p>                    Par<br \/>\n        <strong><br \/>\n            <a href=\"https:\/\/actu.fr\/auteur\/journaliste-pm\" title=\"Consulter tous les articles de R\u00e9daction Saint-Malo\" rel=\"nofollow noopener\" target=\"_blank\">R\u00e9daction Saint-Malo<\/a><br \/>\n                    <\/strong><\/p>\n<p>        Publi\u00e9 le<\/p>\n<p>            22 juil. 2026 \u00e0 16h08        <\/p>\n<p>\u00ab\u00a0Je suis fi\u00e8re de reprendre une galerie qui appartenait autrefois \u00e0 Herv\u00e9 Dubly, un peintre qui faisait de son art un spectacle. Il nous a malheureusement quitt\u00e9s en 2005\u00a0\u00bb, exprime Nathalie Blu qui a ouvert sa toute premi\u00e8re galerie \u00e0 <a href=\"https:\/\/actu.fr\/bretagne\/saint-malo_35288\" rel=\"nofollow noopener\" target=\"_blank\">Saint-Malo<\/a> Intra-Muros.\u00a0<\/p>\n<p>20 ans de carri\u00e8re<\/p>\n<p class=\" wall-content\">Apr\u00e8s un peu plus de vingt ans de carri\u00e8re en itin\u00e9rance, Nathalie Blu est heureuse de se poser dans \u00ab\u00a0un local au calme et rempli de bonnes ondes. Il est dot\u00e9 d\u2019une belle surface qui me permettra \u00e0 terme de combiner atelier et galerie.\u00a0\u00bb Elle souhaite faire de cet espace, \u00ab\u00a0un lieu de rencontre et de partage. Dans un an, j\u2019envisagerai certainement de l\u2019ouvrir \u00e0 d\u2019autres artistes.\u00a0\u00bb<\/p>\n<p>    <img   decoding=\"async\" loading=\"lazy\" class=\"size-large\" src=\"https:\/\/www.europesays.com\/fr\/wp-content\/uploads\/2026\/07\/4f7a5384e05a6138a5384e05af68a5v-960x640.jpg\" alt=\"L\u2019artiste peint des paysages bretons, des portraits et des sc\u00e8nes de vie\" width=\"960\" height=\"640\"\/><br \/>\n    L\u2019artiste peint des paysages bretons, des portraits et des sc\u00e8nes de vie. \u00a9Le Pays Malouin\u00a0\u00ab\u00a0Un univers en deux mondes\u00a0\u00bb<\/p>\n<p class=\" wall-content\">\u00ab\u00a0Je peins essentiellement \u00e0 l\u2019acrylique et, plus rarement, \u00e0 l\u2019huile, du petit au grand format. Mon univers se d\u00e9compose en deux mondes. D\u2019une part, les paysages de Saint-Malo et de la c\u00f4te bretonne que je revisite de fa\u00e7on contemporaine avec des palettes chromatiques originales. D\u2019autre part, je m\u2019adonne aux portraits et aux sc\u00e8nes de vie pour capter une \u00e9motion dans la simplicit\u00e9 du quotidien.\u00a0\u00bb<\/p>\n<p class=\" wall-content\">Pour s\u2019ouvrir \u00e0 tous les budgets, l\u2019artiste propose des reproductions de ses \u0153uvres originales sur papier d\u2019art num\u00e9rot\u00e9, avec ou sans encadrement. Une bonne partie de ses cr\u00e9ations sont visibles sur les r\u00e9seaux sociaux. L\u2019artiste peut r\u00e9aliser des portraits ou des paysages sur commande.<\/p>\n<p>Vid\u00e9os : en ce moment sur Actu<\/p>\n<p class=\" wall-content\"><b>De notre correspondant Matthieu BARON<\/b><\/p>\n<p>Galerie Nathalie Blu, au 10 rue de la Fosse \u00e0 Saint-Malo, quartier d\u2019Intra-Muros. Ouverte du mercredi au dimanche 10h30 \u00e0 12h30, puis de 14h30 \u00e0 19h. T\u00e9l\u00e9phone : 06 13 73 30 74. Courriel : <a href=\"https:\/\/actu.fr\/cdn-cgi\/l\/email-protection\" class=\"__cf_email__\" data-cfemail=\"d4bab5a0bcb5b8bdb1b6b8a1b3b5b8b1a6bdb194b3b9b5bdb8fab7bbb9\" rel=\"nofollow noopener\" target=\"_blank\">[email\u00a0protected]<\/a><\/p>\n<p class=\" wall-content\">Personnalisez votre actualit\u00e9 en ajoutant vos villes et m\u00e9dias en favori avec <a href=\"https:\/\/moncompte.actu.fr\" title=\"D\u00e9couvez Mon Actu\" rel=\"nofollow noopener\" data-trk=\"{&quot;cta&quot;:{&quot;action&quot;:&quot;https:\\\/\\\/moncompte.actu.fr&quot;,&quot;category&quot;:&quot;mon compte&quot;,&quot;from&quot;:&quot;article footer&quot;,&quot;name&quot;:&quot;Mon actu&quot;,&quot;type&quot;:&quot;cta&quot;}}\" target=\"_blank\">Mon Actu<\/a>.<\/p>\n","protected":false},"excerpt":{"rendered":"Par R\u00e9daction Saint-Malo Publi\u00e9 le 22 juil. 2026 \u00e0 16h08 \u00ab\u00a0Je suis fi\u00e8re de reprendre une galerie qui&hellip;\n","protected":false},"author":2,"featured_media":1082364,"comment_status":"","ping_status":"","sticky":false,"template":"","format":"standard","meta":{"footnotes":"","_share_on_mastodon":"0"},"categories":[1358],"tags":[1348,1384,1385,1386,58,59,1011,27,26813,1652],"class_list":["post-1082363","post","type-post","status-publish","format-standard","has-post-thumbnail","category-arts-et-design","tag-arts","tag-arts-and-design","tag-arts-et-design","tag-design","tag-divertissement","tag-entertainment","tag-fr","tag-france","tag-intra-muros","tag-loisirs-culture"],"share_on_mastodon":{"url":"https:\/\/pubeurope.com\/@fr\/116967286300530891","error":""},"_links":{"self":[{"href":"https:\/\/www.europesays.com\/fr\/wp-json\/wp\/v2\/posts\/1082363","targetHints":{"allow":["GET"]}}],"collection":[{"href":"https:\/\/www.europesays.com\/fr\/wp-json\/wp\/v2\/posts"}],"about":[{"href":"https:\/\/www.europesays.com\/fr\/wp-json\/wp\/v2\/types\/post"}],"author":[{"embeddable":true,"href":"https:\/\/www.europesays.com\/fr\/wp-json\/wp\/v2\/users\/2"}],"replies":[{"embeddable":true,"href":"https:\/\/www.europesays.com\/fr\/wp-json\/wp\/v2\/comments?post=1082363"}],"version-history":[{"count":0,"href":"https:\/\/www.europesays.com\/fr\/wp-json\/wp\/v2\/posts\/1082363\/revisions"}],"wp:featuredmedia":[{"embeddable":true,"href":"https:\/\/www.europesays.com\/fr\/wp-json\/wp\/v2\/media\/1082364"}],"wp:attachment":[{"href":"https:\/\/www.europesays.com\/fr\/wp-json\/wp\/v2\/media?parent=1082363"}],"wp:term":[{"taxonomy":"category","embeddable":true,"href":"https:\/\/www.europesays.com\/fr\/wp-json\/wp\/v2\/categories?post=1082363"},{"taxonomy":"post_tag","embeddable":true,"href":"https:\/\/www.europesays.com\/fr\/wp-json\/wp\/v2\/tags?post=1082363"}],"curies":[{"name":"wp","href":"https:\/\/api.w.org\/{rel}","templated":true}]}}