{"id":108246,"date":"2025-05-18T01:23:11","date_gmt":"2025-05-18T01:23:11","guid":{"rendered":"https:\/\/www.europesays.com\/fr\/108246\/"},"modified":"2025-05-18T01:23:11","modified_gmt":"2025-05-18T01:23:11","slug":"qui-a-gagne-leurovision-2025-decouvrez-le-pays-vainqueur","status":"publish","type":"post","link":"https:\/\/www.europesays.com\/fr\/108246\/","title":{"rendered":"Qui a gagn\u00e9 l&rsquo;Eurovision 2025 ? D\u00e9couvrez le pays vainqueur"},"content":{"rendered":"<p>L&rsquo;\u00e9dition 2025 du Concours Eurovision de la chanson se tenait \u00e0 B\u00e2le, en Suisse, ce samedi 17 mai, avec une grande finale retransmise en direct sur France 2. La chanteuse Louane a d\u00e9fendu les couleurs de la France avec son titre \u00e9mouvant maman. Mais qui a triomph\u00e9 \u00e0 la fin de la soir\u00e9e ?<\/p>\n<p>Voil\u00e0, c&rsquo;est fini ! Ce samedi 17 mai, <a href=\"https:\/\/www.programme-tv.net\/news\/tv\/378872-eurovision-2025-quels-sont-les-pays-qualifies-pour-la-finale-photos\/\" data-api-deeplink=\"teleloisirs:\/\/news\/378872\" target=\"_blank\" rel=\"noopener\">26 pays se sont affront\u00e9s sur la sc\u00e8ne internationale de la 69e \u00e9dition de l&rsquo;Eurovision<\/a> \u00e0 B\u00e2le, en Suisse. <b>Un seul objectif : embarquer le jury du concours et les t\u00e9l\u00e9spectateurs \u00e0 travers l&rsquo;Europe <\/b><a href=\"https:\/\/www.programme-tv.net\/news\/tv\/352847-eurovision-2024-le-gagnant-nemo-casse-son-trophee-en-plein-direct-ces-images-qui-font-le-buzz-video\/\" data-api-deeplink=\"teleloisirs:\/\/news\/352847\" target=\"_blank\" rel=\"noopener\"><b>pour succ\u00e9der \u00e0 Nemo et sa chanson <\/b><b>The Code<\/b><\/a>, vainqueur l&rsquo;an pass\u00e9. Une soir\u00e9e retransmise en direct sur France 2, avec le bin\u00f4me St\u00e9phane Bern et Laurence Boccolini <a href=\"https:\/\/www.programme-tv.net\/news\/tv\/378449-ce-n-est-pas-digne-du-service-public-stephane-bern-devoile-ce-qu-il-ne-veut-plus-faire-a-l-eurovision\/\" data-api-deeplink=\"teleloisirs:\/\/news\/378449\" target=\"_blank\" rel=\"noopener\">aux commentaires<\/a>, une constante depuis 2021. C\u00f4t\u00e9 porte-parole, c&rsquo;est l&rsquo;animatrice \u00c9milie Mazoyer qui a succ\u00e9d\u00e9 \u00e0 Natasha St-Pier et <a href=\"https:\/\/www.programme-tv.net\/news\/tv\/378836-eurovision-2025-on-sait-qui-va-succeder-a-natasha-st-pier-pour-annoncer-les-12-points-de-la-france-lors-de-la-finale\/\" data-api-deeplink=\"teleloisirs:\/\/news\/378836\" target=\"_blank\" rel=\"noopener\">a \u00e9t\u00e9 charg\u00e9e d&rsquo;attribuer les 12 points du jury fran\u00e7ais<\/a>. Et pour repr\u00e9senter l&rsquo;Hexagone, la chanteuse Louane a offert une solide performance <a href=\"https:\/\/www.programme-tv.net\/news\/tv\/379055-eurovision-2025-a-quelle-heure-chantera-louane-pour-la-france-lors-de-la-finale-sur-france-2\/\" data-api-deeplink=\"teleloisirs:\/\/news\/379055\" target=\"_blank\" rel=\"noopener\">aux alentours de 23h<\/a>, sous une pluie de sable \u2013\u00a0<a href=\"https:\/\/www.programme-tv.net\/news\/tv\/379066-eurovision-2025-non-ce-nest-pas-du-sable-qui-s-ecoule-sur-louane-pendant-sa-prestation\/\" data-api-deeplink=\"teleloisirs:\/\/news\/379066\" target=\"_blank\" rel=\"noopener\">en apparence, du moins<\/a>. Celle qui a \u00e9t\u00e9 r\u00e9v\u00e9l\u00e9e au grand public dans la saison 2 de The Voice a-t-elle r\u00e9ussi \u00e0 s&rsquo;imposer au sommet du classement ?<\/p>\n<p>Qui est le grand gagnant de l&rsquo;Eurovision 2025 ?<\/p>\n<p>Les bookmakers avaient cette ann\u00e9e tout mis\u00e9 sur la Su\u00e8de et son trio humoristique KAJ, qui a entonn\u00e9 son titre ent\u00eatant Bara bada batsu dans une ambiance qui sent le sauna scandinave et la franche camaraderie, donn\u00e9 gagnant avec plus de 40% de probabilit\u00e9s. Du c\u00f4t\u00e9 de leurs autres favoris, on trouvait \u00e9galement l&rsquo;Autriche, la France, les Pays-Bas, ainsi que la prestation sulfureuse de la Finlande. Une fois n&rsquo;est pas coutume, les bookmakers se sont tromp\u00e9s et ont prouv\u00e9 que leurs pr\u00e9dictions n&rsquo;\u00e9taient pas une science exacte. \u00c0 l&rsquo;issue de la soir\u00e9e, c&rsquo;est <b>JJ<\/b> repr\u00e9sentant de l&rsquo;Autriche<b> <\/b>qui a triomph\u00e9 devant ses 25 autres concurrents et a remport\u00e9 l&rsquo;Eurovision 2025 avec son titre Wasted Love. C&rsquo;est donc dans son pays que sera organis\u00e9 le concours l&rsquo;ann\u00e9e prochaine.<\/p>\n<p>                        Eurovision 2025 : Quelle place pour Louane, la repr\u00e9sentante de la France ?<\/p>\n<p>Nul doute que les Fran\u00e7ais, ainsi que nombre d&rsquo;observateurs du concours \u00e0 travers le monde, ont cru \u00e0 la victoire de Louane. La chanteuse de 28 ans a longtemps \u00e9t\u00e9 donn\u00e9e sur la troisi\u00e8me marche du podium par les bookmakers. Le troph\u00e9e \u00e9tait \u00e0 sa port\u00e9e ! Mais le triomphe ne sera finalement pas pour cette fois. L&rsquo;artiste et sa chanson maman terminent donc en <b>7e position<\/b>. Une place tout ce qu&rsquo;il y a de plus honorable, certes, qui ne lui a toutefois pas permis de reproduire l&rsquo;exploit de Marie Myriam, derni\u00e8re gagnante fran\u00e7aise en&#8230; 1977 !<\/p>\n<p>Eurovision 2025 : Voici le classement complet<img decoding=\"async\" src=\"https:\/\/www.europesays.com\/fr\/wp-content\/uploads\/2025\/05\/thumbnail.jpg\" alt=\"\" data-id=\"\"\/>Capture France 2<\/p>\n","protected":false},"excerpt":{"rendered":"L&rsquo;\u00e9dition 2025 du Concours Eurovision de la chanson se tenait \u00e0 B\u00e2le, en Suisse, ce samedi 17 mai,&hellip;\n","protected":false},"author":2,"featured_media":108247,"comment_status":"","ping_status":"","sticky":false,"template":"","format":"standard","meta":{"footnotes":""},"categories":[2],"tags":[11,244,8753,22249,1011,27,594,3219,14254,12,25,6940],"class_list":{"0":"post-108246","1":"post","2":"type-post","3":"status-publish","4":"format-standard","5":"has-post-thumbnail","7":"category-actualites","8":"tag-actualites","9":"tag-commentaire","10":"tag-concours-eurovision-de-la-chanson","11":"tag-concours-eurovision-de-la-chanson-2025","12":"tag-fr","13":"tag-france","14":"tag-france-2","15":"tag-laurence-boccolini","16":"tag-louane-emera","17":"tag-news","18":"tag-republique-francaise","19":"tag-stu00e9phane-bern"},"share_on_mastodon":{"url":"https:\/\/pubeurope.com\/@fr\/114526224640938643","error":""},"_links":{"self":[{"href":"https:\/\/www.europesays.com\/fr\/wp-json\/wp\/v2\/posts\/108246","targetHints":{"allow":["GET"]}}],"collection":[{"href":"https:\/\/www.europesays.com\/fr\/wp-json\/wp\/v2\/posts"}],"about":[{"href":"https:\/\/www.europesays.com\/fr\/wp-json\/wp\/v2\/types\/post"}],"author":[{"embeddable":true,"href":"https:\/\/www.europesays.com\/fr\/wp-json\/wp\/v2\/users\/2"}],"replies":[{"embeddable":true,"href":"https:\/\/www.europesays.com\/fr\/wp-json\/wp\/v2\/comments?post=108246"}],"version-history":[{"count":0,"href":"https:\/\/www.europesays.com\/fr\/wp-json\/wp\/v2\/posts\/108246\/revisions"}],"wp:featuredmedia":[{"embeddable":true,"href":"https:\/\/www.europesays.com\/fr\/wp-json\/wp\/v2\/media\/108247"}],"wp:attachment":[{"href":"https:\/\/www.europesays.com\/fr\/wp-json\/wp\/v2\/media?parent=108246"}],"wp:term":[{"taxonomy":"category","embeddable":true,"href":"https:\/\/www.europesays.com\/fr\/wp-json\/wp\/v2\/categories?post=108246"},{"taxonomy":"post_tag","embeddable":true,"href":"https:\/\/www.europesays.com\/fr\/wp-json\/wp\/v2\/tags?post=108246"}],"curies":[{"name":"wp","href":"https:\/\/api.w.org\/{rel}","templated":true}]}}