{"id":108252,"date":"2025-05-18T01:28:08","date_gmt":"2025-05-18T01:28:08","guid":{"rendered":"https:\/\/www.europesays.com\/fr\/108252\/"},"modified":"2025-05-18T01:28:08","modified_gmt":"2025-05-18T01:28:08","slug":"jespere-aller-en-finale-a-roland-garros-declare-coco-gauff-apres-sa-defaite-a-rome","status":"publish","type":"post","link":"https:\/\/www.europesays.com\/fr\/108252\/","title":{"rendered":"\u00abJ\u2019esp\u00e8re aller en finale \u00e0 Roland-Garros\u00bb, d\u00e9clare Coco Gauff apr\u00e8s sa d\u00e9faite \u00e0 Rome"},"content":{"rendered":"<p>Ce samedi, Coco Gauff s\u2019est inclin\u00e9e en finale du WTA 1000 de Rome face \u00e0 Jasmine Paolini.<\/p>\n<p class=\"fig-paragraph\">L&rsquo;Am\u00e9ricaine Coco Gauff a encha\u00een\u00e9 samedi \u00e0 Rome,\u00a0<a href=\"http:\/\/www.lefigaro.fr\/sports\/tennis\/tennis-sabalenka-domine-gauff-et-triomphe-une-troisieme-fois-a-madrid-20250503\" data-fig-type=\"NewsFlash\" data-gtm-custom-categorie=\"navigation\" data-gtm-custom-action=\"crossclick\" data-gtm-custom-label=\"Contextuel\" data-gtm-event=\"customEventSPE\" data-fig-domain=\"LEFIGARO\" target=\"_blank\" rel=\"noopener\">apr\u00e8s Madrid<\/a>, une deuxi\u00e8me\u00a0<a href=\"http:\/\/www.lefigaro.fr\/sports\/tennis\/tennis-a-domicile-jasmine-paolini-remporte-le-tournoi-de-rome-20250517\" data-fig-type=\"NewsFlash\" data-gtm-custom-categorie=\"navigation\" data-gtm-custom-action=\"crossclick\" data-gtm-custom-label=\"Contextuel\" data-gtm-event=\"customEventSPE\" data-fig-domain=\"LEFIGARO\" target=\"_blank\" rel=\"noopener\">d\u00e9faite de suite en finale<\/a>, mais assure aborder Roland-Garros (25 mai-8 juin) \u00aben confiance\u00bb\u00a0: \u00abla troisi\u00e8me sera peut-\u00eatre la bonne\u00bb, a-t-elle assur\u00e9.<\/p>\n<p class=\"fig-paragraph\">\u00abJe suis fi\u00e8re d&rsquo;avoir atteint ces deux finales mais aussi d\u00e9\u00e7ue, c&rsquo;est un sentiment mitig\u00e9\u00bb, a d\u00e9clar\u00e9 en conf\u00e9rence de presse Gauff qui s&rsquo;est inclin\u00e9e 6-4, 6-2 face \u00e0 l&rsquo;Italienne Jasmine Paolini (5e). \u00abJasmine a vraiment bien jou\u00e9 aujourd&rsquo;hui, et malheureusement, je n&rsquo;ai pas r\u00e9ussi \u00e0 produire mon meilleur tennis, mais j&rsquo;ai h\u00e2te d&rsquo;\u00eatre \u00e0 Roland-Garros\u00bb, a-t-elle assur\u00e9.<\/p>\n<p class=\"fig-paragraph\">\u00abMalgr\u00e9 toutes mes erreurs (55 fautes directes, 7 double fautes en finale, NDLR), je suis all\u00e9e loin dans ce tournoi, je sais que je peux mieux faire (&#8230;) Cela me donne de la confiance et de la motivation pour faire encore mieux. J&rsquo;esp\u00e8re aller en finale \u00e0 Roland-Garros et la troisi\u00e8me sera peut-\u00eatre la bonne\u00bb, a-t-elle insist\u00e9.<\/p>\n<p class=\"fig-paragraph\">Gauff, 21 ans, s&rsquo;\u00e9tait inclin\u00e9e il y a deux semaines en finale du WTA 1000 de Madrid face \u00e0 la N.1 mondiale Aryna Sabalenka 6-3, 7-6 (7\/3). Sa saison 2025, toujours sans titre, \u00e9tait d\u00e9cevante jusqu&rsquo;au d\u00e9but de la p\u00e9riode sur terre battue. Elle avait atteint la finale \u00e0 Roland-Garros en 2022, mais s&rsquo;\u00e9tait inclin\u00e9e face \u00e0 la Polonaise Iga Swiatek qui a remport\u00e9 quatre des cinq derni\u00e8res \u00e9ditions du tournoi du Grand Chelem sur terre battue.<\/p>\n<p class=\"fig-paragraph\">Elle passera lundi lors de la publication du nouveau classement WTA de\u00a0<a href=\"https:\/\/www.lefigaro.fr\/sports\/tennis\/wta\/classement\" target=\"_blank\" rel=\"noopener\" data-gtm-custom-categorie=\"navigation\" data-gtm-custom-action=\"crossclick\" data-gtm-custom-label=\"Contextuel\" data-gtm-event=\"customEventSPE\">la 3e \u00e0 2e place<\/a>, occup\u00e9e jusque-l\u00e0 par Swiatek,<a href=\"http:\/\/www.lefigaro.fr\/sports\/tennis\/tennis-la-tenante-du-titre-iga-swiatek-eliminee-au-troisieme-tour-a-rome-20250510\" data-fig-type=\"NewsFlash\" data-gtm-custom-categorie=\"navigation\" data-gtm-custom-action=\"crossclick\" data-gtm-custom-label=\"Contextuel\" data-gtm-event=\"customEventSPE\" data-fig-domain=\"LEFIGARO\" target=\"_blank\" rel=\"noopener\">\u00a0\u00e9limin\u00e9e d\u00e8s le 3e tour du tournoi romain<\/a>\u00a0dont elle \u00e9tait la tenante du titre.<\/p>\n","protected":false},"excerpt":{"rendered":"Ce samedi, Coco Gauff s\u2019est inclin\u00e9e en finale du WTA 1000 de Rome face \u00e0 Jasmine Paolini. L&rsquo;Am\u00e9ricaine&hellip;\n","protected":false},"author":2,"featured_media":108253,"comment_status":"","ping_status":"","sticky":false,"template":"","format":"standard","meta":{"footnotes":""},"categories":[1415],"tags":[47,4169,525,1981,15871,4178,4179,1011,27,1114,3996,4177,4176,4174,4175,1980,4171,60,1467,4172,4173,4170],"class_list":{"0":"post-108252","1":"post","2":"type-post","3":"status-publish","4":"format-standard","5":"has-post-thumbnail","7":"category-tennis","8":"tag-actualite","9":"tag-atp","10":"tag-calendrier","11":"tag-classement","12":"tag-cori-gauff","13":"tag-coupe-davis","14":"tag-fed-cup","15":"tag-fr","16":"tag-france","17":"tag-infos","18":"tag-jeux-olympiques","19":"tag-masters-1000","20":"tag-masters-500","21":"tag-masters-series","22":"tag-open-daustralie","23":"tag-resultats","24":"tag-roland-garros","25":"tag-sports","26":"tag-tennis","27":"tag-us-open","28":"tag-wimbledon","29":"tag-wta"},"share_on_mastodon":{"url":"https:\/\/pubeurope.com\/@fr\/114526244229454182","error":""},"_links":{"self":[{"href":"https:\/\/www.europesays.com\/fr\/wp-json\/wp\/v2\/posts\/108252","targetHints":{"allow":["GET"]}}],"collection":[{"href":"https:\/\/www.europesays.com\/fr\/wp-json\/wp\/v2\/posts"}],"about":[{"href":"https:\/\/www.europesays.com\/fr\/wp-json\/wp\/v2\/types\/post"}],"author":[{"embeddable":true,"href":"https:\/\/www.europesays.com\/fr\/wp-json\/wp\/v2\/users\/2"}],"replies":[{"embeddable":true,"href":"https:\/\/www.europesays.com\/fr\/wp-json\/wp\/v2\/comments?post=108252"}],"version-history":[{"count":0,"href":"https:\/\/www.europesays.com\/fr\/wp-json\/wp\/v2\/posts\/108252\/revisions"}],"wp:featuredmedia":[{"embeddable":true,"href":"https:\/\/www.europesays.com\/fr\/wp-json\/wp\/v2\/media\/108253"}],"wp:attachment":[{"href":"https:\/\/www.europesays.com\/fr\/wp-json\/wp\/v2\/media?parent=108252"}],"wp:term":[{"taxonomy":"category","embeddable":true,"href":"https:\/\/www.europesays.com\/fr\/wp-json\/wp\/v2\/categories?post=108252"},{"taxonomy":"post_tag","embeddable":true,"href":"https:\/\/www.europesays.com\/fr\/wp-json\/wp\/v2\/tags?post=108252"}],"curies":[{"name":"wp","href":"https:\/\/api.w.org\/{rel}","templated":true}]}}