{"id":108256,"date":"2025-05-18T01:31:13","date_gmt":"2025-05-18T01:31:13","guid":{"rendered":"https:\/\/www.europesays.com\/fr\/108256\/"},"modified":"2025-05-18T01:31:13","modified_gmt":"2025-05-18T01:31:13","slug":"norris-perdu-face-a-ses-difficultes-en-qualifs-cetait-mon-meilleur-domaine","status":"publish","type":"post","link":"https:\/\/www.europesays.com\/fr\/108256\/","title":{"rendered":"Norris perdu face \u00e0 ses difficult\u00e9s en qualifs : \u00ab\u00a0C&rsquo;\u00e9tait mon meilleur domaine\u00a0\u00bb"},"content":{"rendered":"<p>Les d\u00e9boires de <a href=\"https:\/\/fr.motorsport.com\/driver\/lando-norris\/289708\/\" target=\"_blank\" rel=\"noopener\">Lando Norris<\/a> continuent ce week-end \u00e0 Imola. Alors que son co\u00e9quipier est dans la forme de sa vie en signant \u00e0 nouveau une pole position, preuve de sa totale ma\u00eetrise de la MCL39, le Britannique n&rsquo;a pu faire mieux qu&rsquo;une quatri\u00e8me place, la troisi\u00e8me position lui ayant \u00e9t\u00e9 piqu\u00e9e dans les derni\u00e8res secondes des qualifications par <a href=\"https:\/\/fr.motorsport.com\/driver\/george-russell\/96626\/\" target=\"_blank\" rel=\"noopener\">George Russell<\/a>.\u00a0<\/p>\n<p>Mais alors que pourra-t-il viser demain : un podium voire une victoire peut-\u00eatre ?\u00a0\u00ab\u00a0Un podium ? Bien s\u00fbr. J&rsquo;esp\u00e8re. Une victoire ? Peu probable\u00a0\u00bb, a indiqu\u00e9 le pilote, visiblement d\u00e9\u00e7u de ses r\u00e9cents r\u00e9sultats en qualifications, prenant \u00e9galement toute la responsabilit\u00e9 sur ses \u00e9paules.\u00a0<\/p>\n<p>\u00ab\u00a0J&rsquo;ai fait beaucoup d&rsquo;erreurs\u00a0\u00bb, a-t-il expliqu\u00e9. \u00ab\u00a0Je ne suis jamais assez bon dans mon dernier tour de qualif. Tout le monde va plus vite, et moi, je vais toujours plus lentement. Je ne suis pas assez bon, tout simplement\u00a0\u00bb. Serait-ce \u00e0 cause d&rsquo;un probl\u00e8me sur la voiture ? \u00ab\u00a0Non, la voiture est incroyable. Elle est en pole, c&rsquo;est la meilleure sur la piste. C&rsquo;est juste moi qui ne l&rsquo;\u00e9tais pas.\u00a0\u00bb<\/p>\n<blockquote>\n<p>Clairement, beaucoup de choses ont chang\u00e9 par rapport \u00e0 l&rsquo;an dernier. L&rsquo;ann\u00e9e derni\u00e8re, c&rsquo;\u00e9tait mon meilleur domaine\u2026 dans toute ma carri\u00e8re, les qualifs ont toujours \u00e9t\u00e9 ma force principale. Cette ann\u00e9e, \u00e7a ne fonctionne pas.<\/p>\n<\/blockquote>\n<p>   <img decoding=\"async\" draggable=\"false\" src=\"https:\/\/www.europesays.com\/fr\/wp-content\/uploads\/2025\/05\/1747531873_931_lando-norris-mclaren.jpg\" alt=\"Lando Norris (McLaren), samedi \u00e0 Imola.\" width=\"1200\" height=\"800\" loading=\"lazy\"\/> <\/p>\n<p class=\"title\">Lando Norris (McLaren), samedi \u00e0 Imola.<\/p>\n<p class=\"photographer\">Photo de: Steven Tee \/ LAT Images via Getty Images<\/p>\n<p>Pourtant, quelque chose sur cette voiture semble clairement d\u00e9ranger Norris depuis le d\u00e9but de saison, lui qui avait d\u00e9j\u00e0 d\u00e9clar\u00e9 que la nouvelle version de la <a href=\"https:\/\/fr.motorsport.com\/team\/mclaren\/609\/\" target=\"_blank\" rel=\"noopener\">McLaren<\/a> n&rsquo;\u00e9tait pas du tout adapt\u00e9e \u00e0 son style de pilotage. Perdu depuis d\u00e9j\u00e0 quelques courses quant \u00e0 la cause de cet inconfort au volant de la MCL39, le Britannique semble encore plus d\u00e9sempar\u00e9 face \u00e0 ses performances en qualifications, qui d\u00e9tonnent avec celles de l&rsquo;ann\u00e9e pass\u00e9e, o\u00f9 il \u00e9tait l&rsquo;homme fort de son \u00e9curie.\u00a0<\/p>\n<p>\u00ab\u00a0Je ne sais pas, pour \u00eatre honn\u00eate [pourquoi il n&rsquo;a pas fait mieux que quatri\u00e8me en qualifications \u00e0 Imola]\u00a0\u00bb, a-t-il ajout\u00e9, d\u00e9contenanc\u00e9. \u00ab\u00a0Je ne vais pas juste accuser la voiture. Ce n&rsquo;est pas mon genre. Je me suis senti bien tout le week-end. Bien en Q1 et en Q2. J&rsquo;avais l&rsquo;impression qu&rsquo;il y avait du temps \u00e0 gagner. Mais quand j&rsquo;essaie d&rsquo;aller chercher ce temps, \u00e7a ne passe pas.\u00a0\u00bb<\/p>\n<p>\u00ab\u00a0Clairement, beaucoup de choses ont chang\u00e9 par rapport \u00e0 l&rsquo;an dernier. L&rsquo;ann\u00e9e derni\u00e8re, c&rsquo;\u00e9tait mon meilleur domaine\u2026 dans toute ma carri\u00e8re, les qualifs ont toujours \u00e9t\u00e9 ma force principale. Cette ann\u00e9e, \u00e7a ne fonctionne pas.\u00a0Je pense qu&rsquo;on comprend certaines raisons. Bien s\u00fbr, je ne vais pas \u00eatre heureux avec \u00e7a, car je veux me battre pour la pole. Les choses ne se passent pas comme elles devraient. Je travaille dur, l&rsquo;\u00e9quipe travaille dur. Et\u2026 voil\u00e0, ce sont des moments difficiles, mais c&rsquo;est comme \u00e7a pour l&rsquo;instant.\u00a0\u00bb<\/p>\n<p>Lire aussi :<\/p>\n<p>Sur un circuit comme celui d&rsquo;Imola, les qualifications sont pr\u00e9cieuses compte tenu de la difficult\u00e9 \u00e0 doubler sur ce trac\u00e9 tr\u00e8s \u00e9troit. Alors comment Norris pourra-t-il remonter jusqu&rsquo;au podium ?\u00a0\u00ab\u00a0\u00c7a va \u00eatre compliqu\u00e9\u00a0\u00bb, a-t-il annonc\u00e9.\u00a0\u00ab\u00a0Je pense que les d\u00e9passements vont \u00eatre quasiment impossibles. Mais il y a peut-\u00eatre des opportunit\u00e9s avec la strat\u00e9gie. <\/p>\n<p>\u00ab\u00a0Je dois juste esp\u00e9rer que les pneus se d\u00e9gradent tr\u00e8s vite. Peut-\u00eatre que nous, en tant qu&rsquo;\u00e9quipe, on peut faire mieux que les autres. \u00c7a pourrait m&rsquo;ouvrir des opportunit\u00e9s pour faire des overcuts ou des undercuts sur ceux devant. Mais on n&rsquo;a pas fait beaucoup de longs relais. On n&rsquo;a pas encore utilis\u00e9 les pneus durs. Il y a plein de questions sans r\u00e9ponse. \u00c9videmment, je ferai tout ce que je peux, comme toujours, pour remonter en course.\u00a0\u00bb<\/p>\n<p>\u00ab\u00a0C&rsquo;est une course \u00e0 un arr\u00eat, peut-\u00eatre deux. Bien s\u00fbr, le d\u00e9part est ma plus grande opportunit\u00e9. Mais d\u00e9passer plus d&rsquo;une voiture ici au d\u00e9part, ce n&rsquo;est pas facile. La piste est tr\u00e8s \u00e9troite. Et je me bats avec des pilotes qui prennent beaucoup de risques. La saison est longue, je dois g\u00e9rer \u00e7a intelligemment.\u00a0\u00bb<\/p>\n<p>Lire aussi :<\/p>\n<p>Dans cet article<\/p>\n<p>    T\u00e9ha Courbon\n<\/p>\n<p>    Formule 1\n<\/p>\n<p>    Lando Norris\n<\/p>\n<p>    McLaren\n<\/p>\n<p>Soyez le premier inform\u00e9 et souscrivez aux alertes mails pour recevoir les infos en temps r\u00e9el<\/p>\n<p>    S&rsquo;abonner aux alertes de news<\/p>\n","protected":false},"excerpt":{"rendered":"Les d\u00e9boires de Lando Norris continuent ce week-end \u00e0 Imola. Alors que son co\u00e9quipier est dans la forme&hellip;\n","protected":false},"author":2,"featured_media":108257,"comment_status":"","ping_status":"","sticky":false,"template":"","format":"standard","meta":{"footnotes":""},"categories":[1412],"tags":[1451,1452,1453,1454,1455,1011,27,18197,9935,2243,4475,60],"class_list":{"0":"post-108256","1":"post","2":"type-post","3":"status-publish","4":"format-standard","5":"has-post-thumbnail","7":"category-f1","8":"tag-f1","9":"tag-formula-1","10":"tag-formula1","11":"tag-formule-1","12":"tag-formule1","13":"tag-fr","14":"tag-france","15":"tag-gp-du00c9milie-romagne","16":"tag-imola","17":"tag-lando-norris","18":"tag-mclaren","19":"tag-sports"},"share_on_mastodon":{"url":"https:\/\/pubeurope.com\/@fr\/114526256075494187","error":""},"_links":{"self":[{"href":"https:\/\/www.europesays.com\/fr\/wp-json\/wp\/v2\/posts\/108256","targetHints":{"allow":["GET"]}}],"collection":[{"href":"https:\/\/www.europesays.com\/fr\/wp-json\/wp\/v2\/posts"}],"about":[{"href":"https:\/\/www.europesays.com\/fr\/wp-json\/wp\/v2\/types\/post"}],"author":[{"embeddable":true,"href":"https:\/\/www.europesays.com\/fr\/wp-json\/wp\/v2\/users\/2"}],"replies":[{"embeddable":true,"href":"https:\/\/www.europesays.com\/fr\/wp-json\/wp\/v2\/comments?post=108256"}],"version-history":[{"count":0,"href":"https:\/\/www.europesays.com\/fr\/wp-json\/wp\/v2\/posts\/108256\/revisions"}],"wp:featuredmedia":[{"embeddable":true,"href":"https:\/\/www.europesays.com\/fr\/wp-json\/wp\/v2\/media\/108257"}],"wp:attachment":[{"href":"https:\/\/www.europesays.com\/fr\/wp-json\/wp\/v2\/media?parent=108256"}],"wp:term":[{"taxonomy":"category","embeddable":true,"href":"https:\/\/www.europesays.com\/fr\/wp-json\/wp\/v2\/categories?post=108256"},{"taxonomy":"post_tag","embeddable":true,"href":"https:\/\/www.europesays.com\/fr\/wp-json\/wp\/v2\/tags?post=108256"}],"curies":[{"name":"wp","href":"https:\/\/api.w.org\/{rel}","templated":true}]}}