{"id":10826,"date":"2025-04-08T18:05:11","date_gmt":"2025-04-08T18:05:11","guid":{"rendered":"https:\/\/www.europesays.com\/fr\/10826\/"},"modified":"2025-04-08T18:05:11","modified_gmt":"2025-04-08T18:05:11","slug":"un-sacre-courage-apres-lincendie-dun-centre-de-tri-a-paris-les-riverains-saluent-le-travail-des-pompiers","status":"publish","type":"post","link":"https:\/\/www.europesays.com\/fr\/10826\/","title":{"rendered":"\u00ab\u00a0Un sacr\u00e9 courage\u00a0\u00bb\u00a0: apr\u00e8s l\u2019incendie d\u2019un centre de tri \u00e0 Paris, les riverains saluent le travail des pompiers"},"content":{"rendered":"<p class=\"col subheadline margin_bottom_subheadline widescreen-12 desktop-10\">Toute la nuit, les pompiers ont continu\u00e9 de lutter contre l\u2019incendie qui a ravag\u00e9 lundi soir le centre de tri du Syctom, porte de Clichy \u00e0 Paris. Au lever du jour, les riverains sont venus constater l\u2019ampleur des d\u00e9g\u00e2ts, d\u00e9couvrant une montagne de gravats. Ils saluent le \u00ab\u00a0courage\u00a0\u00bb des soldats du feu.<\/p>\n<p>Par <a href=\"https:\/\/www.leparisien.fr\/auteur\/vincent-mongaillard\/\" class=\"author_link\" rel=\"nofollow noopener\" target=\"_blank\">Vincent Mongaillard<\/a>\u00a0<\/p>\n<p>Le 8 avril 2025 \u00e0 08h12, modifi\u00e9 le 8 avril 2025 \u00e0 09h42<\/p>\n","protected":false},"excerpt":{"rendered":"Toute la nuit, les pompiers ont continu\u00e9 de lutter contre l\u2019incendie qui a ravag\u00e9 lundi soir le centre&hellip;\n","protected":false},"author":2,"featured_media":10827,"comment_status":"","ping_status":"","sticky":false,"template":"","format":"standard","meta":{"footnotes":""},"categories":[1888],"tags":[11,1777,674,1011,27,1944,12,626,25,2955],"class_list":{"0":"post-10826","1":"post","2":"type-post","3":"status-publish","4":"format-standard","5":"has-post-thumbnail","7":"category-paris","8":"tag-actualites","9":"tag-eu","10":"tag-europe","11":"tag-fr","12":"tag-france","13":"tag-ma-ville","14":"tag-news","15":"tag-paris","16":"tag-republique-francaise","17":"tag-videos"},"share_on_mastodon":{"url":"https:\/\/pubeurope.com\/@fr\/114303672404426640","error":""},"_links":{"self":[{"href":"https:\/\/www.europesays.com\/fr\/wp-json\/wp\/v2\/posts\/10826","targetHints":{"allow":["GET"]}}],"collection":[{"href":"https:\/\/www.europesays.com\/fr\/wp-json\/wp\/v2\/posts"}],"about":[{"href":"https:\/\/www.europesays.com\/fr\/wp-json\/wp\/v2\/types\/post"}],"author":[{"embeddable":true,"href":"https:\/\/www.europesays.com\/fr\/wp-json\/wp\/v2\/users\/2"}],"replies":[{"embeddable":true,"href":"https:\/\/www.europesays.com\/fr\/wp-json\/wp\/v2\/comments?post=10826"}],"version-history":[{"count":0,"href":"https:\/\/www.europesays.com\/fr\/wp-json\/wp\/v2\/posts\/10826\/revisions"}],"wp:featuredmedia":[{"embeddable":true,"href":"https:\/\/www.europesays.com\/fr\/wp-json\/wp\/v2\/media\/10827"}],"wp:attachment":[{"href":"https:\/\/www.europesays.com\/fr\/wp-json\/wp\/v2\/media?parent=10826"}],"wp:term":[{"taxonomy":"category","embeddable":true,"href":"https:\/\/www.europesays.com\/fr\/wp-json\/wp\/v2\/categories?post=10826"},{"taxonomy":"post_tag","embeddable":true,"href":"https:\/\/www.europesays.com\/fr\/wp-json\/wp\/v2\/tags?post=10826"}],"curies":[{"name":"wp","href":"https:\/\/api.w.org\/{rel}","templated":true}]}}