{"id":108264,"date":"2025-05-18T01:36:05","date_gmt":"2025-05-18T01:36:05","guid":{"rendered":"https:\/\/www.europesays.com\/fr\/108264\/"},"modified":"2025-05-18T01:36:05","modified_gmt":"2025-05-18T01:36:05","slug":"en-image-le-jour-du-livre-a-venissieux-a-enchante-petits-et-grands","status":"publish","type":"post","link":"https:\/\/www.europesays.com\/fr\/108264\/","title":{"rendered":"En image. Le \u00ab\u00a0Jour du livre\u00a0\u00bb \u00e0 V\u00e9nissieux a enchant\u00e9 petits et grands"},"content":{"rendered":"<p>Ce samedi, les amoureux de la lecture ont afflu\u00e9 \u00e0 la M\u00e9diath\u00e8que de V\u00e9nissieux pour \u00ab\u00a0Le Jour du Livre\u00a0\u00bb, organis\u00e9 par l\u2019Espace Pandora. Petits et grands ont profit\u00e9 de nombreuses animations et lectures tandis que la M\u00e9diath\u00e8que proposait une braderie tr\u00e8s pris\u00e9e. Une journ\u00e9e festive qui a su raviver le plaisir de la lecture au c\u0153ur de la ville.<\/p>\n","protected":false},"excerpt":{"rendered":"Ce samedi, les amoureux de la lecture ont afflu\u00e9 \u00e0 la M\u00e9diath\u00e8que de V\u00e9nissieux pour \u00ab\u00a0Le Jour du&hellip;\n","protected":false},"author":2,"featured_media":108265,"comment_status":"","ping_status":"","sticky":false,"template":"","format":"standard","meta":{"footnotes":""},"categories":[1357],"tags":[1379,1687,58,3152,59,2271,1011,27,1380,4375,4407],"class_list":{"0":"post-108264","1":"post","2":"type-post","3":"status-publish","4":"format-standard","5":"has-post-thumbnail","7":"category-livres","8":"tag-books","9":"tag-culture-loisirs","10":"tag-divertissement","11":"tag-edition-est-lyonnais","12":"tag-entertainment","13":"tag-exposition-arts-plastiques","14":"tag-fr","15":"tag-france","16":"tag-livres","17":"tag-venissieux","18":"tag-venissieux-bassin"},"share_on_mastodon":{"url":"https:\/\/pubeurope.com\/@fr\/114526275744334693","error":""},"_links":{"self":[{"href":"https:\/\/www.europesays.com\/fr\/wp-json\/wp\/v2\/posts\/108264","targetHints":{"allow":["GET"]}}],"collection":[{"href":"https:\/\/www.europesays.com\/fr\/wp-json\/wp\/v2\/posts"}],"about":[{"href":"https:\/\/www.europesays.com\/fr\/wp-json\/wp\/v2\/types\/post"}],"author":[{"embeddable":true,"href":"https:\/\/www.europesays.com\/fr\/wp-json\/wp\/v2\/users\/2"}],"replies":[{"embeddable":true,"href":"https:\/\/www.europesays.com\/fr\/wp-json\/wp\/v2\/comments?post=108264"}],"version-history":[{"count":0,"href":"https:\/\/www.europesays.com\/fr\/wp-json\/wp\/v2\/posts\/108264\/revisions"}],"wp:featuredmedia":[{"embeddable":true,"href":"https:\/\/www.europesays.com\/fr\/wp-json\/wp\/v2\/media\/108265"}],"wp:attachment":[{"href":"https:\/\/www.europesays.com\/fr\/wp-json\/wp\/v2\/media?parent=108264"}],"wp:term":[{"taxonomy":"category","embeddable":true,"href":"https:\/\/www.europesays.com\/fr\/wp-json\/wp\/v2\/categories?post=108264"},{"taxonomy":"post_tag","embeddable":true,"href":"https:\/\/www.europesays.com\/fr\/wp-json\/wp\/v2\/tags?post=108264"}],"curies":[{"name":"wp","href":"https:\/\/api.w.org\/{rel}","templated":true}]}}