{"id":108268,"date":"2025-05-18T01:38:15","date_gmt":"2025-05-18T01:38:15","guid":{"rendered":"https:\/\/www.europesays.com\/fr\/108268\/"},"modified":"2025-05-18T01:38:15","modified_gmt":"2025-05-18T01:38:15","slug":"liam-payne-netflix-devoilera-bientot-le-dernier-programme-que-le-chanteur-a-enregistre-avant-son-deces-apres-avoir-recu-laccord-de-sa-famille","status":"publish","type":"post","link":"https:\/\/www.europesays.com\/fr\/108268\/","title":{"rendered":"Liam Payne : Netflix d\u00e9voilera bient\u00f4t le dernier programme que le chanteur a enregistr\u00e9 avant son d\u00e9c\u00e8s, apr\u00e8s avoir re\u00e7u l&rsquo;accord de sa famille"},"content":{"rendered":"<p class=\"ap-StoryElement ap-StoryElement--mb ap-StoryText\">Liam Payne, chanteur britannique et autrefois membre des One Direction, est d\u00e9c\u00e9d\u00e9 au mois d&rsquo;octobre 2024. \u00c2g\u00e9 de 31 ans seulement, il avait chut\u00e9 du balcon de sa chambre d&rsquo;h\u00f4tel en Argentine, alors qu&rsquo;il \u00e9tait sous l&#8217;emprise de stup\u00e9fiants. Sa disparition a provoqu\u00e9 le chagrin de ses fans \u00e0 travers le monde, ainsi que de ses amis et de sa famille.<\/p>\n<p class=\"ap-StoryElement ap-StoryElement--mb ap-StoryText\">Depuis l&rsquo;enterrement de Liam Payne, les proches du chanteur sont rest\u00e9s relativement discrets. La fortune qu&rsquo;il a laiss\u00e9e est aujourd&rsquo;hui <a href=\"https:\/\/www.parismatch.be\/actualites\/people\/2025\/05\/07\/liam-payne-voici-le-montant-colossal-de-la-fortune-laissee-par-le-chanteur-britannique-apres-son-deces-M2L7Z5FCHRFUXDO6NP5F6KEJIU\/\" target=\"_blank\" rel=\"nofollow noopener\">entre les mains de son ex-compagne<\/a> et m\u00e8re de son enfant, Bear, \u00e2g\u00e9 de 8 ans. Si les fans de Liam Payne peuvent toujours \u00e9couter ses chansons pour se souvenir de lui, ils pourront \u00e9galement bient\u00f4t le revoir \u00e0 l&rsquo;\u00e9cran, dans un programme qui sera d\u00e9voil\u00e9 par Netflix.<\/p>\n","protected":false},"excerpt":{"rendered":"Liam Payne, chanteur britannique et autrefois membre des One Direction, est d\u00e9c\u00e9d\u00e9 au mois d&rsquo;octobre 2024. \u00c2g\u00e9 de&hellip;\n","protected":false},"author":2,"featured_media":108269,"comment_status":"","ping_status":"","sticky":false,"template":"","format":"standard","meta":{"footnotes":""},"categories":[1355],"tags":[58,2889,59,1011,27,19059,18,1361,873,127],"class_list":{"0":"post-108268","1":"post","2":"type-post","3":"status-publish","4":"format-standard","5":"has-post-thumbnail","7":"category-musique","8":"tag-divertissement","9":"tag-emission","10":"tag-entertainment","11":"tag-fr","12":"tag-france","13":"tag-liam-payne","14":"tag-mort","15":"tag-music","16":"tag-musique","17":"tag-netflix"},"share_on_mastodon":{"url":"https:\/\/pubeurope.com\/@fr\/114526283648975791","error":""},"_links":{"self":[{"href":"https:\/\/www.europesays.com\/fr\/wp-json\/wp\/v2\/posts\/108268","targetHints":{"allow":["GET"]}}],"collection":[{"href":"https:\/\/www.europesays.com\/fr\/wp-json\/wp\/v2\/posts"}],"about":[{"href":"https:\/\/www.europesays.com\/fr\/wp-json\/wp\/v2\/types\/post"}],"author":[{"embeddable":true,"href":"https:\/\/www.europesays.com\/fr\/wp-json\/wp\/v2\/users\/2"}],"replies":[{"embeddable":true,"href":"https:\/\/www.europesays.com\/fr\/wp-json\/wp\/v2\/comments?post=108268"}],"version-history":[{"count":0,"href":"https:\/\/www.europesays.com\/fr\/wp-json\/wp\/v2\/posts\/108268\/revisions"}],"wp:featuredmedia":[{"embeddable":true,"href":"https:\/\/www.europesays.com\/fr\/wp-json\/wp\/v2\/media\/108269"}],"wp:attachment":[{"href":"https:\/\/www.europesays.com\/fr\/wp-json\/wp\/v2\/media?parent=108268"}],"wp:term":[{"taxonomy":"category","embeddable":true,"href":"https:\/\/www.europesays.com\/fr\/wp-json\/wp\/v2\/categories?post=108268"},{"taxonomy":"post_tag","embeddable":true,"href":"https:\/\/www.europesays.com\/fr\/wp-json\/wp\/v2\/tags?post=108268"}],"curies":[{"name":"wp","href":"https:\/\/api.w.org\/{rel}","templated":true}]}}