{"id":108276,"date":"2025-05-18T01:44:09","date_gmt":"2025-05-18T01:44:09","guid":{"rendered":"https:\/\/www.europesays.com\/fr\/108276\/"},"modified":"2025-05-18T01:44:09","modified_gmt":"2025-05-18T01:44:09","slug":"800e-par-mois-protection-garantie","status":"publish","type":"post","link":"https:\/\/www.europesays.com\/fr\/108276\/","title":{"rendered":"800\u20ac par mois, protection garantie"},"content":{"rendered":"<p itemprop=\"description\">Une \u00ab\u00a0tour\u00a0\u00bb anti-squat high-tech se loue plus de 800\u20ac par mois et prot\u00e8ge efficacement les b\u00e2timents vides contre les intrusions.<\/p>\n<p class=\"\" data-start=\"446\" data-end=\"922\">\u00c0 Bordeaux, une soci\u00e9t\u00e9 sp\u00e9cialis\u00e9e dans la s\u00e9curisation des biens inoccup\u00e9s propose <strong>un syst\u00e8me innovant pour lutter contre les squats<\/strong>. Comme le r\u00e9v\u00e8le Rue89 Bordeaux, cette tour <a href=\"https:\/\/www.maison-travaux.fr\/sequiper\/conseils-pratiques\/voisin-installe-une-camera-de-surveillance-qui-filme-chez-vous-que-dit-la-loi-441955.html\" rel=\"nofollow noopener\" target=\"_blank\">de surveillance<\/a> appel\u00e9e Safer Pod S1 est d\u00e9j\u00e0 utilis\u00e9e pour <strong>prot\u00e9ger un b\u00e2timent appartenant au minist\u00e8re des Arm\u00e9es<\/strong>, souvent occup\u00e9 ill\u00e9galement ces derni\u00e8res ann\u00e9es. Cette technologie assez co\u00fbteuse s\u2019inscrit dans <strong>un march\u00e9 en pleine expansion<\/strong>, notamment aupr\u00e8s des bailleurs sociaux.<\/p>\n<p>   Une \u00ab\u00a0tour\u00a0\u00bb futuriste pour veiller sur votre bien <\/p>\n<p class=\"\" data-start=\"528\" data-end=\"987\">La Safer Pod S1 ressemble \u00e0 <strong>une petite tourelle d\u2019un m\u00e8tre de haut<\/strong>, mais elle cache <strong><a href=\"https:\/\/www.maison-travaux.fr\/tendance-deco\/adieu-nuisances-sonores-technologie-rend-voisins-silencieux-574464.html\" rel=\"nofollow noopener\" target=\"_blank\">une technologie<\/a> tr\u00e8s avanc\u00e9e<\/strong>. Elle peut d\u00e9tecter tout mouvement <strong>dans un rayon de 100 m\u00e8tres<\/strong>, alertant imm\u00e9diatement en cas d\u2019intrusion.<\/p>\n<p class=\"\" data-start=\"528\" data-end=\"987\">Ce syst\u00e8me est particuli\u00e8rement utile dans des quartiers <strong>o\u00f9 les squats sont fr\u00e9quents<\/strong>. Gr\u00e2ce \u00e0 cette veille constante, les propri\u00e9taires peuvent enfin dormir de fa\u00e7on sereine. Son installation <strong>est simple et rapide<\/strong>, ce qui permet d\u2019agir vite quand un site devient vuln\u00e9rable. Ce type de dispositif est <strong>de plus en plus demand\u00e9<\/strong> dans les grandes villes, o\u00f9 les logements vacants <strong>sont plus nombreux et donc plus expos\u00e9s<\/strong>.<\/p>\n<p> Un service qui va bien plus loin que la simple surveillance <\/p>\n<p data-start=\"528\" data-end=\"987\">VP Sitex ne se contente pas de proposer cette borne. L\u2019entreprise offre aussi <strong>des solutions comme la location de <a href=\"https:\/\/www.maison-travaux.fr\/renover\/gros-oeuvre-renovation-par-type\/porte\/porte-blindee-quels-sont-ses-avantages-comment-la-choisir-fp-458168.html\" rel=\"nofollow noopener\" target=\"_blank\">portes blind\u00e9es<\/a> ou de panneaux anti-effraction<\/strong> pour fen\u00eatres. Ces dispositifs sont souvent combin\u00e9s pour cr\u00e9er <strong>une barri\u00e8re de protection contre les intrus<\/strong>. C\u2019est une r\u00e9ponse compl\u00e8te qui s\u2019adresse <strong>surtout aux bailleurs sociaux et gestionnaires de logements<\/strong>, souvent les plus touch\u00e9s par ces probl\u00e8mes.<\/p>\n<p data-start=\"528\" data-end=\"987\">Certaines de ces options peuvent m\u00eame \u00eatre adapt\u00e9es <strong>aux maisons individuelles<\/strong>, pas seulement aux grands b\u00e2timents. En proposant des formules flexibles, l\u2019entreprise s\u2019adapte <strong>aux besoins de chaque propri\u00e9taire<\/strong>, selon la taille et la nature du bien.<\/p>\n<p><img decoding=\"async\" src=\"data:image\/svg+xml,%3Csvg%20xmlns=\" http:=\"\" width=\"100%\" height=\"auto\" data-lazy-src=\"https:\/\/www.europesays.com\/fr\/wp-content\/uploads\/2025\/05\/maxresdefault.jpg\"\/><\/p>\n<p><video width=\"100%\" height=\"360px\" controls=\"\" id=\"player_3e26220d2e9533acf4b6efc8ddad4ba6\" preload=\"auto\" class=\"video-js vjs-default-skin vjs-big-play-centered\" style=\"display:none; text-align: center; margin-bottom: 4px;\" poster=\"https:\/\/www.europesays.com\/fr\/wp-content\/uploads\/2025\/05\/maxresdefault.jpg\"\/><\/p>\n<p><strong data-start=\"1478\" data-end=\"1526\">Une solution qui a un co\u00fbt, mais qui rassure<\/strong> <\/p>\n<p class=\"\" data-start=\"1478\" data-end=\"2060\">La location de cette tour de surveillance est propos\u00e9e <strong>\u00e0 plus de 800 euros par mois<\/strong>, un investissement qui peut sembler \u00e9lev\u00e9. Pourtant, pour les propri\u00e9taires concern\u00e9s, <strong>c\u2019est un prix raisonnable<\/strong> face aux risques et aux co\u00fbts li\u00e9s \u00e0 une occupation ill\u00e9gale.<\/p>\n<p class=\"\" data-start=\"1478\" data-end=\"2060\">De plus, <strong>la pr\u00e9sence humaine peut \u00eatre ajout\u00e9e<\/strong> gr\u00e2ce \u00e0 la \u00ab\u00a0protection par l\u2019occupation\u00a0\u00bb, o\u00f9 <strong>des r\u00e9sidents temporaires assurent une surveillance active<\/strong>. Cette combinaison de technologie et de pr\u00e9sence humaine constitue aujourd\u2019hui <strong>une arme efficace contre <a href=\"https:\/\/www.maison-travaux.fr\/actualites\/budget\/immobilier\/squatteurs-inexpulsables-detruire-maison-574594.html\" rel=\"nofollow noopener\" target=\"_blank\">les squatteurs<\/a><\/strong>.<\/p>\n","protected":false},"excerpt":{"rendered":"Une \u00ab\u00a0tour\u00a0\u00bb anti-squat high-tech se loue plus de 800\u20ac par mois et prot\u00e8ge efficacement les b\u00e2timents vides contre&hellip;\n","protected":false},"author":2,"featured_media":108277,"comment_status":"","ping_status":"","sticky":false,"template":"","format":"standard","meta":{"footnotes":""},"categories":[6],"tags":[35,33,34,1011,27,729],"class_list":{"0":"post-108276","1":"post","2":"type-post","3":"status-publish","4":"format-standard","5":"has-post-thumbnail","7":"category-economie","8":"tag-business","9":"tag-economie","10":"tag-economy","11":"tag-fr","12":"tag-france","13":"tag-yout_video"},"share_on_mastodon":{"url":"https:\/\/pubeurope.com\/@fr\/114526310970272821","error":""},"_links":{"self":[{"href":"https:\/\/www.europesays.com\/fr\/wp-json\/wp\/v2\/posts\/108276","targetHints":{"allow":["GET"]}}],"collection":[{"href":"https:\/\/www.europesays.com\/fr\/wp-json\/wp\/v2\/posts"}],"about":[{"href":"https:\/\/www.europesays.com\/fr\/wp-json\/wp\/v2\/types\/post"}],"author":[{"embeddable":true,"href":"https:\/\/www.europesays.com\/fr\/wp-json\/wp\/v2\/users\/2"}],"replies":[{"embeddable":true,"href":"https:\/\/www.europesays.com\/fr\/wp-json\/wp\/v2\/comments?post=108276"}],"version-history":[{"count":0,"href":"https:\/\/www.europesays.com\/fr\/wp-json\/wp\/v2\/posts\/108276\/revisions"}],"wp:featuredmedia":[{"embeddable":true,"href":"https:\/\/www.europesays.com\/fr\/wp-json\/wp\/v2\/media\/108277"}],"wp:attachment":[{"href":"https:\/\/www.europesays.com\/fr\/wp-json\/wp\/v2\/media?parent=108276"}],"wp:term":[{"taxonomy":"category","embeddable":true,"href":"https:\/\/www.europesays.com\/fr\/wp-json\/wp\/v2\/categories?post=108276"},{"taxonomy":"post_tag","embeddable":true,"href":"https:\/\/www.europesays.com\/fr\/wp-json\/wp\/v2\/tags?post=108276"}],"curies":[{"name":"wp","href":"https:\/\/api.w.org\/{rel}","templated":true}]}}