{"id":108280,"date":"2025-05-18T01:46:11","date_gmt":"2025-05-18T01:46:11","guid":{"rendered":"https:\/\/www.europesays.com\/fr\/108280\/"},"modified":"2025-05-18T01:46:11","modified_gmt":"2025-05-18T01:46:11","slug":"un-motard-grievement-blesse-dans-un-accident-avec-une-voiture-dans-la-manche","status":"publish","type":"post","link":"https:\/\/www.europesays.com\/fr\/108280\/","title":{"rendered":"Un motard gri\u00e8vement bless\u00e9 dans un accident avec une voiture dans la Manche"},"content":{"rendered":"<p>            Par<br \/>\n        <strong><br \/>\n            <a href=\"https:\/\/actu.fr\/auteur\/juliette-voisin02-lapressedelamanche-fr\" title=\"Consulter tous les articles de Juliette Voisin\" rel=\"nofollow noopener\" target=\"_blank\">Juliette Voisin<\/a><br \/>\n        <\/strong><\/p>\n<p>        Publi\u00e9 le<\/p>\n<p>            17 mai 2025 \u00e0 20h15        <\/p>\n<p>Un <b>accident de la route<\/b>, dont on ignore les circonstances, s\u2019est produit \u00e0 <a href=\"https:\/\/actu.fr\/normandie\/saint-ebremond-de-bonfosse_50465\" rel=\"nofollow noopener\" target=\"_blank\">Saint-Ebremond-de-Bonfoss\u00e9<\/a> (commune nouvelle de <a href=\"https:\/\/actu.fr\/normandie\/canisy_50095\" rel=\"nofollow noopener\" target=\"_blank\">Canisy<\/a>, Manche) ce <b>samedi 17 mai 2025<\/b> vers 11 heures. Il impliquait <b>un motard <\/b>et <b>un automobiliste<\/b>, qui circulaient rue de la Vire.<\/p>\n<p>    <a href=\"https:\/\/www.google.com\/maps\/embed?pb=!1m18!1m12!1m3!1d3096.133213187084!2d-1.1413264230541973!3d49.086633871364!2m3!1f0!2f0!3f0!3m2!1i1024!2i768!4f13.1!3m3!1m2!1s0x480b9385fd90efaf%3A0xaade7aae0595fcee!2sRue%20de%20la%20Vire%2C%2050750%20Canisy!5e1!3m2!1sfr!2sfr!4v1747505581484!5m2!1sfr!2sfr\" title=\"Ouvrie le lien\" rel=\"nofollow noopener\" target=\"_blank\">Cliquez ici pour visualiser le contenu<\/a><\/p>\n<p>Un homme de 25 ans bless\u00e9 grave<\/p>\n<p class=\" wall-content\">Le pilote de la moto, <b>\u00e2g\u00e9 de 25 ans<\/b>, a \u00e9t\u00e9 transport\u00e9 <b>gri\u00e8vement bless\u00e9 <\/b>au <a href=\"https:\/\/actu.fr\/tag\/chu-de-caen\" rel=\"nofollow noopener\" target=\"_blank\">CHU de Caen<\/a> (Calvados).<\/p>\n<p class=\" wall-content\">Le conducteur de la voiture, un homme de 26 ans, a \u00e9t\u00e9 transport\u00e9 l\u00e9g\u00e8rement bless\u00e9 aux urgences de <a href=\"https:\/\/actu.fr\/normandie\/saint-lo_50502\" rel=\"nofollow noopener\" target=\"_blank\">Saint-L\u00f4<\/a>.<\/p>\n<p class=\" wall-content\"><b>Huit sapeurs-pompiers<\/b> des centres de secours de Canisy et de Saint-L\u00f4 leur ont port\u00e9 secours, en plus du <b>Samu<\/b>.\u00a0<\/p>\n<p class=\" wall-content\">Suivez toute l\u2019actualit\u00e9 de vos villes et m\u00e9dias favoris en vous inscrivant \u00e0 <a href=\"https:\/\/moncompte.actu.fr\" title=\"D\u00e9couvez Mon Actu\" rel=\"nofollow noopener\" data-trk=\"{&quot;cta&quot;:{&quot;action&quot;:&quot;https:\\\/\\\/moncompte.actu.fr&quot;,&quot;category&quot;:&quot;mon compte&quot;,&quot;from&quot;:&quot;article footer&quot;,&quot;name&quot;:&quot;Mon actu&quot;,&quot;type&quot;:&quot;cta&quot;}}\" target=\"_blank\">Mon Actu<\/a>.<\/p>\n","protected":false},"excerpt":{"rendered":"Par Juliette Voisin Publi\u00e9 le 17 mai 2025 \u00e0 20h15 Un accident de la route, dont on ignore&hellip;\n","protected":false},"author":2,"featured_media":108281,"comment_status":"","ping_status":"","sticky":false,"template":"","format":"standard","meta":{"footnotes":""},"categories":[4],"tags":[119,11,118,1011,27,1457,12,1311,25],"class_list":{"0":"post-108280","1":"post","2":"type-post","3":"status-publish","4":"format-standard","5":"has-post-thumbnail","7":"category-france","8":"tag-accident","9":"tag-actualites","10":"tag-faits-divers","11":"tag-fr","12":"tag-france","13":"tag-moto","14":"tag-news","15":"tag-pompiers","16":"tag-republique-francaise"},"share_on_mastodon":{"url":"","error":""},"_links":{"self":[{"href":"https:\/\/www.europesays.com\/fr\/wp-json\/wp\/v2\/posts\/108280","targetHints":{"allow":["GET"]}}],"collection":[{"href":"https:\/\/www.europesays.com\/fr\/wp-json\/wp\/v2\/posts"}],"about":[{"href":"https:\/\/www.europesays.com\/fr\/wp-json\/wp\/v2\/types\/post"}],"author":[{"embeddable":true,"href":"https:\/\/www.europesays.com\/fr\/wp-json\/wp\/v2\/users\/2"}],"replies":[{"embeddable":true,"href":"https:\/\/www.europesays.com\/fr\/wp-json\/wp\/v2\/comments?post=108280"}],"version-history":[{"count":0,"href":"https:\/\/www.europesays.com\/fr\/wp-json\/wp\/v2\/posts\/108280\/revisions"}],"wp:featuredmedia":[{"embeddable":true,"href":"https:\/\/www.europesays.com\/fr\/wp-json\/wp\/v2\/media\/108281"}],"wp:attachment":[{"href":"https:\/\/www.europesays.com\/fr\/wp-json\/wp\/v2\/media?parent=108280"}],"wp:term":[{"taxonomy":"category","embeddable":true,"href":"https:\/\/www.europesays.com\/fr\/wp-json\/wp\/v2\/categories?post=108280"},{"taxonomy":"post_tag","embeddable":true,"href":"https:\/\/www.europesays.com\/fr\/wp-json\/wp\/v2\/tags?post=108280"}],"curies":[{"name":"wp","href":"https:\/\/api.w.org\/{rel}","templated":true}]}}