{"id":1082838,"date":"2026-07-23T09:45:16","date_gmt":"2026-07-23T09:45:16","guid":{"rendered":"https:\/\/www.europesays.com\/fr\/1082838\/"},"modified":"2026-07-23T09:45:16","modified_gmt":"2026-07-23T09:45:16","slug":"dette-publique-le-taux-a-dix-ans-francais-atteint-4-pour-la-premiere-fois-depuis-juin-2009","status":"publish","type":"post","link":"https:\/\/www.europesays.com\/fr\/1082838\/","title":{"rendered":"Dette publique : le taux \u00e0 dix ans fran\u00e7ais atteint 4% pour la premi\u00e8re fois depuis juin 2009"},"content":{"rendered":"<p>\n    Dans un contexte g\u00e9opolitique incertain et sur fond de blocages politiques internes, les investisseurs se montrent inquiets.<\/p>\n<p class=\"fig-paragraph\">La bascule est symbolique mais elle en dit beaucoup sur la trajectoire que\u00a0<a href=\"http:\/\/www.lefigaro.fr\/conjoncture\/quand-la-charge-de-la-dette-augmente-chaque-annee-plus-vite-que-le-budget-de-n-importe-quel-ministere-20260719\" data-fig-type=\"Article\" data-gtm-custom-categorie=\"navigation\" data-gtm-custom-action=\"crossclick\" data-gtm-custom-label=\"Contextuel\" data-gtm-event=\"customEventSPE\" data-fig-domain=\"LEFIGARO\" rel=\"nofollow noopener\" target=\"_blank\">prend le co\u00fbt de la dette fran\u00e7aise<\/a>. Le taux d\u2019int\u00e9r\u00eat \u00e0 dix ans (OAT) a franchi ce jeudi matin \u00e0 9h40 la barre des 4 %. C\u2019est une premi\u00e8re depuis juin 2009, \u00e0 l\u2019\u00e9poque de la crise des subprimes. Cette hausse indique que les march\u00e9s r\u00e9clament une prime de risque plus importante pour pr\u00eater \u00e0 la France,\u00a0<a href=\"http:\/\/www.lefigaro.fr\/conjoncture\/tous-les-signaux-sont-au-rouge-la-dette-publique-atteint-un-niveau-inedit-20260625\" data-fig-type=\"Article\" data-gtm-custom-categorie=\"navigation\" data-gtm-custom-action=\"crossclick\" data-gtm-custom-label=\"Contextuel\" data-gtm-event=\"customEventSPE\" data-fig-domain=\"LEFIGARO\" rel=\"nofollow noopener\" target=\"_blank\">dont la dette publique a atteint un nouveau sommet au premier trimestre<\/a>, \u00e0 3 536 milliards d\u2019euros, soit 117,5 % du PIB.<\/p>\n<p class=\"fig-paragraph\">Depuis d\u00e9but juillet, la courbe se rapprochait dangereusement du seuil des 4\u00a0%, d\u00e9passant d\u00e9j\u00e0 la plupart des pics atteints \u00e0 cause de la guerre au Moyen-Orient et du choc p\u00e9trolier qui en a d\u00e9coul\u00e9. Plus ce taux est \u00e9lev\u00e9, plus le co\u00fbt pour les finances publiques s\u2019alourdit. Ainsi la charge de la dette, c\u2019est-\u00e0-dire les d\u00e9penses de l\u2019\u00c9tat consacr\u00e9es au paiement des int\u00e9r\u00eats, devrait-elle atteindre 64,8 milliards d\u2019euros cette ann\u00e9e, et 74,2 milliards en 2027 selon les estimations officielles de Bercy les plus r\u00e9centes. En 2019, avant la crise du Covid, ce poste de d\u00e9pense n\u2019\u00e9tait \u00ab\u00a0que\u00a0\u00bb de 31,6 milliards d\u2019euros.<\/p>\n<p>                                            <a class=\"fig-a11y-skip\" href=\"#fig-a11y-skip-main-inarticle\" is=\"fig-a11y-skip\" data-trigger-mode=\"visible-once\"><br \/>\n    Passer la publicit\u00e9<br \/>\n<\/a>            <\/p>\n<p class=\"fig-paragraph\">C\u2019est un signe suppl\u00e9mentaire de la d\u00e9gradation des capacit\u00e9s de financement de la France, et de son affaiblissement au sein de la zone euro. \u00ab\u00a0Alors que la taille du programme d\u2019\u00e9missions \u00e0 moyen et long terme de l\u2019\u00c9tat a augment\u00e9 de plus de 100 milliards d\u2019euros depuis 2019, pour atteindre 310 milliards en 2026, la France se finance d\u00e9sormais sur les march\u00e9s \u00e0 des conditions moins avantageuses que les autres grands pays de la zone euro, y compris ceux ayant \u00e9t\u00e9 au c\u0153ur de la crise des dettes souveraines au d\u00e9but des ann\u00e9es 2010\u00a0\u00bb,\u00a0<a href=\"http:\/\/www.lefigaro.fr\/conjoncture\/il-ne-faut-pas-avoir-de-tabou-les-quatre-experts-mandates-par-bercy-preconisent-une-annee-blanche-dans-le-budget-2027-20260715\" data-fig-type=\"Article\" data-gtm-custom-categorie=\"navigation\" data-gtm-custom-action=\"crossclick\" data-gtm-custom-label=\"Contextuel\" data-gtm-event=\"customEventSPE\" data-fig-domain=\"LEFIGARO\" rel=\"nofollow noopener\" target=\"_blank\">s\u2019alarment quatre \u00e9conomistes mandat\u00e9s par le minist\u00e8re de l\u2019\u00c9conomie et des finances pour objectiver l\u2019effort budg\u00e9taire \u00e0 fournir<\/a>, et dont les travaux ont \u00e9t\u00e9 pr\u00e9sent\u00e9s le 16 juillet. Selon eux, \u00e0 politique inchang\u00e9e, la dette publique pourrait atteindre 130\u00a0% du PIB en 2030. Ils n\u2019h\u00e9sitent pas \u00e0 comparer cet endettement \u00e0 un \u00ab\u00a0poison lent pour l\u2019\u00e9conomie\u00a0\u00bb, les d\u00e9penses d\u2019avenir \u00e9tant sacrifi\u00e9es pour payer les int\u00e9r\u00eats. Ce poste de d\u00e9pense pourrait m\u00eame atteindre 120 milliards d\u2019euros d\u2019ici 2030, selon les estimations de l\u2019institut Rexecode publi\u00e9es en mars.<\/p>\n","protected":false},"excerpt":{"rendered":"Dans un contexte g\u00e9opolitique incertain et sur fond de blocages politiques internes, les investisseurs se montrent inquiets. La&hellip;\n","protected":false},"author":2,"featured_media":1082839,"comment_status":"","ping_status":"","sticky":false,"template":"","format":"standard","meta":{"footnotes":"","_share_on_mastodon":"0"},"categories":[6],"tags":[35,6327,33,34,1011,27],"class_list":["post-1082838","post","type-post","status-publish","format-standard","has-post-thumbnail","category-economie","tag-business","tag-dette","tag-economie","tag-economy","tag-fr","tag-france"],"share_on_mastodon":{"url":"https:\/\/pubeurope.com\/@fr\/116968654635429398","error":""},"_links":{"self":[{"href":"https:\/\/www.europesays.com\/fr\/wp-json\/wp\/v2\/posts\/1082838","targetHints":{"allow":["GET"]}}],"collection":[{"href":"https:\/\/www.europesays.com\/fr\/wp-json\/wp\/v2\/posts"}],"about":[{"href":"https:\/\/www.europesays.com\/fr\/wp-json\/wp\/v2\/types\/post"}],"author":[{"embeddable":true,"href":"https:\/\/www.europesays.com\/fr\/wp-json\/wp\/v2\/users\/2"}],"replies":[{"embeddable":true,"href":"https:\/\/www.europesays.com\/fr\/wp-json\/wp\/v2\/comments?post=1082838"}],"version-history":[{"count":0,"href":"https:\/\/www.europesays.com\/fr\/wp-json\/wp\/v2\/posts\/1082838\/revisions"}],"wp:featuredmedia":[{"embeddable":true,"href":"https:\/\/www.europesays.com\/fr\/wp-json\/wp\/v2\/media\/1082839"}],"wp:attachment":[{"href":"https:\/\/www.europesays.com\/fr\/wp-json\/wp\/v2\/media?parent=1082838"}],"wp:term":[{"taxonomy":"category","embeddable":true,"href":"https:\/\/www.europesays.com\/fr\/wp-json\/wp\/v2\/categories?post=1082838"},{"taxonomy":"post_tag","embeddable":true,"href":"https:\/\/www.europesays.com\/fr\/wp-json\/wp\/v2\/tags?post=1082838"}],"curies":[{"name":"wp","href":"https:\/\/api.w.org\/{rel}","templated":true}]}}