{"id":108298,"date":"2025-05-18T02:02:18","date_gmt":"2025-05-18T02:02:18","guid":{"rendered":"https:\/\/www.europesays.com\/fr\/108298\/"},"modified":"2025-05-18T02:02:18","modified_gmt":"2025-05-18T02:02:18","slug":"la-roseraie-ouvre-ses-portes-trois-jours-durant","status":"publish","type":"post","link":"https:\/\/www.europesays.com\/fr\/108298\/","title":{"rendered":"la Roseraie ouvre ses portes trois jours durant"},"content":{"rendered":"<p>C\u2019est d\u00e9sormais une tradition\u00a0: pour la 19e \u00e9dition de la F\u00eate de la nature, \u00e9v\u00e9nement national consacr\u00e9 \u00e0 la biodiversit\u00e9, la Roseraie de Schiltigheim ouvre ses portes, les 21, 24 et 25\u00a0mai prochain. Pendant ces trois jours, les b\u00e9n\u00e9voles des Amis des roses, l\u2019association charg\u00e9e d\u2019entretenir le lieu, proposeront au public une d\u00e9couverte le panel color\u00e9 et parfum\u00e9 de roses, de 14\u00a0h \u00e0 18\u00a0h.<\/p>\n<p>Un orchestre se produira le dimanche 24 mai<\/p>\n<p>Des visites comment\u00e9es, d\u2019une trentaine de minutes, sont organis\u00e9es \u00e0 14\u00a0h\u00a030, 15\u00a0h\u00a030\u00a0et 16\u00a0h\u00a030. Les portes seront ouvertes\u00a0: pas besoin d\u2019inscription pr\u00e9alable.<\/p>\n<p>Ce contenu est bloqu\u00e9 car vous n&rsquo;avez pas accept\u00e9 les cookies et autres traceurs.<\/p>\n<p>En cliquant sur \u00ab J\u2019accepte \u00bb, les cookies et autres traceurs seront d\u00e9pos\u00e9s et vous pourrez visualiser les contenus  (<a href=\"\" class=\"consentModule_policy\" target=\"_blank\" title=\"Consulter la politique de protection des donn\u00e9es du fournisseur\">plus d&rsquo;informations<\/a>).<\/p>\n<p>En cliquant sur \u00ab J\u2019accepte tous les cookies \u00bb, vous autorisez des d\u00e9p\u00f4ts de cookies et autres traceurs pour le stockage de vos donn\u00e9es sur nos sites et applications \u00e0 des fins de personnalisation et de ciblage publicitaire.<\/p>\n<p class=\"consentModule_secondaryText\">Vous gardez la possibilit\u00e9 de retirer votre consentement \u00e0 tout moment en consultant notre <a href=\"http:\/\/www.dna.fr\/protection-des-donnees\" target=\"_blank\" title=\"Consulter notre politique de protection des donn\u00e9es\" rel=\"noopener\">politique de protection des donn\u00e9es<\/a>. <br \/>&#13;<br \/>\n            <a href=\"http:\/\/www.dna.fr\/magazine-lifestyle\/2025\/05\/17\/javascript:Didomi.notice.show()\" class=\"consentModule_cmp\" target=\"_blank\" rel=\"noopener\">G\u00e9rer mes choix<\/a>&#13;\n        <\/p>\n<p>&#13;<br \/>\n                        J&rsquo;accepte&#13;<br \/>\n            J&rsquo;accepte tous les cookies&#13;\n        <\/p>\n<p>La roseraie de 30 ares est aussi un refuge de la Ligue de protection des oiseaux (LPO) \u00a0: ces trois jours seront donc l\u2019occasion de d\u00e9couvrir la riche biodiversit\u00e9 de ce parc urbain, qui soufflera sa 100e \u00a0bougie l\u2019an prochain. Dimanche 24\u00a0mai, l\u2019orchestre Accord Majeur se produira pour l\u2019occasion. De quoi lancer la nouvelle floraison sous les meilleurs auspices.<\/p>\n<p class=\"note\">Portes ouvertes de la Roseraie, rue Contades \u00e0 Schiltigheim. Mercredi\u00a021, samedi\u00a024 et dimanche 25\u00a0mai, de 14\u00a0h \u00e0 18\u00a0h. Contact\u00a0: amisdesroses67300@gmail.com.<\/p>\n","protected":false},"excerpt":{"rendered":"C\u2019est d\u00e9sormais une tradition\u00a0: pour la 19e \u00e9dition de la F\u00eate de la nature, \u00e9v\u00e9nement national consacr\u00e9 \u00e0&hellip;\n","protected":false},"author":2,"featured_media":108299,"comment_status":"","ping_status":"","sticky":false,"template":"","format":"standard","meta":{"footnotes":""},"categories":[2820],"tags":[1111,11,2880,1777,674,107,1011,27,775,3354,12,25,5512,104,640,3265,1631],"class_list":{"0":"post-108298","1":"post","2":"type-post","3":"status-publish","4":"format-standard","5":"has-post-thumbnail","7":"category-strasbourg","8":"tag-actu","9":"tag-actualites","10":"tag-edition-strasbourg","11":"tag-eu","12":"tag-europe","13":"tag-fil-info","14":"tag-fr","15":"tag-france","16":"tag-grand-est","17":"tag-jardin","18":"tag-news","19":"tag-republique-francaise","20":"tag-schiltigheim","21":"tag-societe","22":"tag-strasbourg","23":"tag-strasbourg-nord","24":"tag-vie-associative"},"share_on_mastodon":{"url":"https:\/\/pubeurope.com\/@fr\/114526377982478186","error":""},"_links":{"self":[{"href":"https:\/\/www.europesays.com\/fr\/wp-json\/wp\/v2\/posts\/108298","targetHints":{"allow":["GET"]}}],"collection":[{"href":"https:\/\/www.europesays.com\/fr\/wp-json\/wp\/v2\/posts"}],"about":[{"href":"https:\/\/www.europesays.com\/fr\/wp-json\/wp\/v2\/types\/post"}],"author":[{"embeddable":true,"href":"https:\/\/www.europesays.com\/fr\/wp-json\/wp\/v2\/users\/2"}],"replies":[{"embeddable":true,"href":"https:\/\/www.europesays.com\/fr\/wp-json\/wp\/v2\/comments?post=108298"}],"version-history":[{"count":0,"href":"https:\/\/www.europesays.com\/fr\/wp-json\/wp\/v2\/posts\/108298\/revisions"}],"wp:featuredmedia":[{"embeddable":true,"href":"https:\/\/www.europesays.com\/fr\/wp-json\/wp\/v2\/media\/108299"}],"wp:attachment":[{"href":"https:\/\/www.europesays.com\/fr\/wp-json\/wp\/v2\/media?parent=108298"}],"wp:term":[{"taxonomy":"category","embeddable":true,"href":"https:\/\/www.europesays.com\/fr\/wp-json\/wp\/v2\/categories?post=108298"},{"taxonomy":"post_tag","embeddable":true,"href":"https:\/\/www.europesays.com\/fr\/wp-json\/wp\/v2\/tags?post=108298"}],"curies":[{"name":"wp","href":"https:\/\/api.w.org\/{rel}","templated":true}]}}