{"id":108303,"date":"2025-05-18T02:07:12","date_gmt":"2025-05-18T02:07:12","guid":{"rendered":"https:\/\/www.europesays.com\/fr\/108303\/"},"modified":"2025-05-18T02:07:12","modified_gmt":"2025-05-18T02:07:12","slug":"nice-leurovision-ligue-1-j34-nice-brest-6-0","status":"publish","type":"post","link":"https:\/\/www.europesays.com\/fr\/108303\/","title":{"rendered":"Nice, l&rsquo;Eurovision &#8211; Ligue 1 &#8211; J34 &#8211; Nice-Brest (6-0)"},"content":{"rendered":"<p class=\"p1\">Cette saison 2024-2025 de Ligue 1 aurait bien pu ressembler \u00e0 un pauvre plat de p\u00e2tes r\u00e9chauff\u00e9 au micro-ondes sans la course \u00e0 la Ligue des champions. Dans ce championnat \u00e0 deux vitesses, o\u00f9 le Paris Saint-Germain n\u2019a laiss\u00e9 place \u00e0 aucun suspense pour le titre, Nice, Lille, Strasbourg et Lyon ont piment\u00e9 l\u2019assiette en se livrant une lutte acharn\u00e9e pour la quatri\u00e8me place \u2013 synonyme de troisi\u00e8me tour pr\u00e9liminaire de C1. Et c\u2019est le Gym qui a rafl\u00e9 le gros lot lors de l\u2019ultime journ\u00e9e ce samedi, <a target=\"_blank\" href=\"https:\/\/www.sofoot.com\/articles\/ligue-1-nice-termine-quatrieme-le-havre-se-sauve-sur-le-gong-lyon-retrouvera-leurope\" rel=\"nofollow noopener\">\u00e9crasant un Stade brestois d\u00e9j\u00e0 en claquettes<\/a> (6-0) pour terminer devant le LOSC \u00e0 la diff\u00e9rence de but. Si les Ni\u00e7ois ne sont pas aussi rafra\u00eechissants que les Strasbourgeois, aussi suivis que les Lyonnais ou aussi capables de <a target=\"_blank\" href=\"https:\/\/www.sofoot.com\/articles\/ligue-des-champions-grace-a-un-penalty-de-jonathan-david-lille-bat-le-real-madrid\" rel=\"nofollow noopener\">faire tomber le Real Madrid que les Lillois<\/a>, ils n\u2019en demeurent pas moins les grands gagnants du sprint final.<\/p>\n<p>Laver l\u2019affront de la Ligue Europa<\/p>\n<p class=\"p1\">Si cette saison est incontestablement une r\u00e9ussite au moment de faire les comptes, les supporters de Nice n\u2019ont longtemps pas su sur quel pied danser. C\u00f4t\u00e9 pile : quelques superbes prestations, comme <a target=\"_blank\" href=\"https:\/\/www.sofoot.com\/articles\/en-ligue-1-nice-cartonne-saint-etienne-8-0-lors-de-la-5e-journee\" rel=\"nofollow noopener\">la d\u00e9culott\u00e9e 8-0 inflig\u00e9e \u00e0 Saint-\u00c9tienne<\/a>, les succ\u00e8s contre les rivaux mon\u00e9gasques et marseillais et la fiert\u00e9 d\u2019avoir \u00e9t\u00e9 les premiers \u00e0 <a target=\"_blank\" href=\"https:\/\/www.sofoot.com\/articles\/ligue-1-a-lexterieur-nice-bat-le-paris-saint-germain-et-brise-sa-serie-dinvincibilite-en-championnat\" rel=\"nofollow noopener\">faire tomber les invincibles champions parisiens<\/a>. C\u00f4t\u00e9 face : une Allianz Riviera qui a bien trop souvent sonn\u00e9 creux, une humiliante \u00e9limination <a target=\"_blank\" href=\"https:\/\/www.sofoot.com\/articles\/coupe-de-france-lenorme-frisson-de-saint-brieuc-le-joli-coup-de-guingamp-lepopee-de-cannes\" rel=\"nofollow noopener\">en Coupe de France contre le Stade briochin (2-1)<\/a> et une s\u00e9rie de trous d\u2019air qui auraient bien pu co\u00fbter cher au classement. Malgr\u00e9 des d\u00e9buts h\u00e9sitants, Franck Haise a r\u00e9ussi sa mission. Arriv\u00e9 cet \u00e9t\u00e9, le Normand a su prendre les Aiglons sous son aile pour transposer la recette qui avait fait le bonheur de Lens : une dynamique offensive et proactive en lieu et place du jeu pragmatique propos\u00e9 sous Francesco Farioli la saison pass\u00e9e. R\u00e9ussir sa saison dans un contexte de vente est aussi une performance \u00e0 signaler. On le sait depuis un bon moment, Ineos cherche \u00e0 refiler la patate ni\u00e7oise pour se concentrer sur Manchester United, pla\u00e7ant moins de billes qu\u2019il y a quelques ann\u00e9es en C\u00f4te d\u2019Azur. Pour le futur du club, cette quatri\u00e8me place pourra sans nul doute servir d\u2019argument pour convaincre de potentiels investisseurs dans les prochains mois.<\/p>\n<p class=\"p1\">Dans sa route vers le C1, Nice devra aussi se faire pardonner <a target=\"_blank\" href=\"https:\/\/www.sofoot.com\/articles\/le-cauchemar-de-logc-nice-deja-elimine-de-ligue-europa-apres-sa-defaite-contre-elfsborg\" rel=\"nofollow noopener\">la campagne absolument d\u00e9sastreuse qui avait \u00e9t\u00e9 propos\u00e9e en Ligue Europa<\/a> cette saison. Les Ni\u00e7ois n\u2019avaient engrang\u00e9 que 3 petits points sur 24 lors de leur tour aux quatre coins de l\u2019Europe, notamment marqu\u00e9 par des d\u00e9faites en Hongrie, en Su\u00e8de et en Belgique, et ponctu\u00e9 par une avant-derni\u00e8re place de la phase de ligue, juste devant la redoutable \u00e9quipe de Qaraba\u011f. Des r\u00e9sultats d\u00e9primants en comparaison de ce que Monaco ou Lille ont pu proposer \u00e0 l\u2019\u00e9chelon sup\u00e9rieur, mais qui doivent tout de m\u00eame \u00eatre replac\u00e9s dans le contexte de <a target=\"_blank\" href=\"https:\/\/www.sofoot.com\/breves\/plombe-par-les-blessures-franck-haise-denonce-ses-conditions-de-travail\" rel=\"nofollow noopener\">l\u2019avalanche de blessures qui avait touch\u00e9 le Gym au cours de l\u2019automne<\/a>. Dans le dur sur tous les tableaux, Franck Haise avait fait le choix de placer ses jetons sur la Ligue 1 plut\u00f4t que la C3 \u2013 un sc\u00e9nario qu\u2019on n\u2019esp\u00e8re vraiment pas voir en cas de qualification pour la \u00ab\u202fChampions\u202f\u00bb l\u2019an prochain.<\/p>\n<p>La place du con ?<\/p>\n<p class=\"p1\">Si l\u2019heure est \u00e0 la joie du c\u00f4t\u00e9 de l\u2019Allianz Riviera, les pisse-froids ne manqueront pas de rappeler que cette quatri\u00e8me position, aussi belle soit-elle, pourrait tr\u00e8s bien se transformer en cadeau empoisonn\u00e9. Jouer les qualifications de C1 \u2013 le troisi\u00e8me tour pr\u00e9liminaire puis, si qualification, un barrage \u2013 aura en effet des cons\u00e9quences directes sur l\u2019\u00e9t\u00e9 des Ni\u00e7ois, qui ne pourront pas se permettre de se dorer la pilule sur la plage lors des prochaines semaines. La saison reprendra plus t\u00f4t, d\u00e8s le 5 ou 6 ao\u00fbt, soit une dizaine de jours avant la premi\u00e8re journ\u00e9e de Ligue 1. Une pr\u00e9paration optimale sera d\u00e8s lors obligatoire pour \u00eatre rapidement au taquet et g\u00e9rer au mieux la fatigue lors du reste de la saison. Le mercato s\u2019en retrouve aussi chamboul\u00e9 : avec le cul entre deux comp\u00e9titions europ\u00e9ennes, la direction ni\u00e7oise devra r\u00e9ussir \u00e0 attirer des joueurs taill\u00e9s pour la C1\u2026 sans pouvoir leur promettre de disputer cette comp\u00e9tition.<\/p>\n<p>Les clubs fran\u00e7ais ne sont pas non plus sp\u00e9cialement dou\u00e9s quand il s\u2019agit de passer plusieurs obstacles pour se qualifier pour la phase de poules de la coupe aux grandes oreilles. Depuis 2014, le bilan n\u2019est pas loin d\u2019\u00eatre accablant : seuls Monaco en 2016 et Lille en 2024 ont ralli\u00e9 la phase finale apr\u00e8s avoir pass\u00e9 les deux tours de barrages. L\u2019Hexagone est pour le reste habitu\u00e9 aux d\u00e9ceptions, avec les \u00e9liminations de Marseille contre le Panathina\u00efk\u00f3s (2023), de l\u2019ASM face \u00e0 Valence (2015), au Shakhtar (2021) et au PSV (2022), de Lille contre Porto (2014), et de Nice, d\u00e9j\u00e0, \u00e9teint par Naples en 2017.<\/p>\n<p>Il s\u2019agit toutefois de ne pas verser dans l\u2019\u00e9ternel pessimisme et de rappeler que dans le football, le but est tout de m\u00eame de finir le plus haut possible, comme Franck Haise l\u2019a rappel\u00e9 cette semaine : \u00ab\u00a0Ces gens voudraient qu\u2019on finisse quatorzi\u00e8me\u00a0? Donc tout le monde va perdre pour ne pas finir quatri\u00e8me ? Tout le monde a envie d\u2019\u00eatre quatri\u00e8me, je vous le dis ! Des conneries, j\u2019en lis tout le temps. Comment peut-on penser cela ?\u00a0\u00bb M\u00eame en cas d\u2019\u00e9chec en barrages, Nice se retrouvera de toute fa\u00e7on revers\u00e9 en Ligue Europa. C1 ou C3, on esp\u00e8re dans tous les cas que l\u2019objectif sera un peu plus ambitieux que de juste finir devant le champion d\u2019Azerba\u00efdjan.<\/p>\n","protected":false},"excerpt":{"rendered":"Cette saison 2024-2025 de Ligue 1 aurait bien pu ressembler \u00e0 un pauvre plat de p\u00e2tes r\u00e9chauff\u00e9 au&hellip;\n","protected":false},"author":2,"featured_media":108304,"comment_status":"","ping_status":"","sticky":false,"template":"","format":"standard","meta":{"footnotes":""},"categories":[2819],"tags":[1111,47,11,61,69,65,64,1777,674,63,1011,27,68,66,12,62,2401,70,882,25,67],"class_list":{"0":"post-108303","1":"post","2":"type-post","3":"status-publish","4":"format-standard","5":"has-post-thumbnail","7":"category-nice","8":"tag-actu","9":"tag-actualite","10":"tag-actualites","11":"tag-actus-football","12":"tag-bundesliga","13":"tag-championnats-europeens","14":"tag-equipe-de-france","15":"tag-eu","16":"tag-europe","17":"tag-football","18":"tag-fr","19":"tag-france","20":"tag-ligua","21":"tag-ligue-1","22":"tag-news","23":"tag-news-foot","24":"tag-nice","25":"tag-premier-league","26":"tag-provence-alpes-cote-dazur","27":"tag-republique-francaise","28":"tag-serie-a"},"share_on_mastodon":{"url":"https:\/\/pubeurope.com\/@fr\/114526397699456401","error":""},"_links":{"self":[{"href":"https:\/\/www.europesays.com\/fr\/wp-json\/wp\/v2\/posts\/108303","targetHints":{"allow":["GET"]}}],"collection":[{"href":"https:\/\/www.europesays.com\/fr\/wp-json\/wp\/v2\/posts"}],"about":[{"href":"https:\/\/www.europesays.com\/fr\/wp-json\/wp\/v2\/types\/post"}],"author":[{"embeddable":true,"href":"https:\/\/www.europesays.com\/fr\/wp-json\/wp\/v2\/users\/2"}],"replies":[{"embeddable":true,"href":"https:\/\/www.europesays.com\/fr\/wp-json\/wp\/v2\/comments?post=108303"}],"version-history":[{"count":0,"href":"https:\/\/www.europesays.com\/fr\/wp-json\/wp\/v2\/posts\/108303\/revisions"}],"wp:featuredmedia":[{"embeddable":true,"href":"https:\/\/www.europesays.com\/fr\/wp-json\/wp\/v2\/media\/108304"}],"wp:attachment":[{"href":"https:\/\/www.europesays.com\/fr\/wp-json\/wp\/v2\/media?parent=108303"}],"wp:term":[{"taxonomy":"category","embeddable":true,"href":"https:\/\/www.europesays.com\/fr\/wp-json\/wp\/v2\/categories?post=108303"},{"taxonomy":"post_tag","embeddable":true,"href":"https:\/\/www.europesays.com\/fr\/wp-json\/wp\/v2\/tags?post=108303"}],"curies":[{"name":"wp","href":"https:\/\/api.w.org\/{rel}","templated":true}]}}