{"id":108309,"date":"2025-05-18T02:10:08","date_gmt":"2025-05-18T02:10:08","guid":{"rendered":"https:\/\/www.europesays.com\/fr\/108309\/"},"modified":"2025-05-18T02:10:08","modified_gmt":"2025-05-18T02:10:08","slug":"cette-boulangerie-au-decor-chaleureux-ouvre-une-boutique-pres-de-bordeaux-et-sancre-un-peu-plus-en-gironde","status":"publish","type":"post","link":"https:\/\/www.europesays.com\/fr\/108309\/","title":{"rendered":"Cette boulangerie au d\u00e9cor chaleureux ouvre une boutique pr\u00e8s de Bordeaux et s&rsquo;ancre un peu plus en Gironde"},"content":{"rendered":"<p>            Par<br \/>\n        <strong><br \/>\n            <a href=\"https:\/\/actu.fr\/auteur\/aurelien-cardot\" title=\"Consulter tous les articles de Aurelien Cardot\" rel=\"nofollow noopener\" target=\"_blank\">Aurelien Cardot<\/a><br \/>\n        <\/strong><\/p>\n<p>        Publi\u00e9 le<\/p>\n<p>            17 mai 2025 \u00e0 17h32        <\/p>\n<p>Une <strong>boulangerie-p\u00e2tisserie<\/strong> Feuillette a ouvert le mardi 8 avril dernier \u00e0 <a href=\"https:\/\/actu.fr\/nouvelle-aquitaine\/saint-medard-en-jalles_33449\" rel=\"nofollow noopener\" target=\"_blank\">Saint-M\u00e9dard-en-Jalles<\/a>. C\u2019est la 4e du genre en Gironde, apr\u00e8s Bordeaux, M\u00e9rignac et Biganos.<\/p>\n<p class=\" wall-content\">Cr\u00e9\u00e9e en 2009 par Jean-Fran\u00e7ois Feuillette, l\u2019enseigne est aujourd\u2019hui le <strong>troisi\u00e8me grand nom<\/strong> de la boulangerie-p\u00e2tisserie en France. Elle mise sur un savoir-faire artisanal, une offre de restauration rapide et un <strong>d\u00e9cor chaleureux<\/strong> pour s\u00e9duire les clients dans tout le pays.<\/p>\n<p>Une boulangerie artisanale<\/p>\n<p class=\" wall-content\">La marque propose pains, viennoiseries, plats sal\u00e9s et p\u00e2tisseries artisanales, fabriqu\u00e9s sur place tout au long de la journ\u00e9e. La boulangerie dispose de <strong>62 places assises<\/strong> et d\u2019une terrasse pour venir manger sur place \u00e0 tout moment de la journ\u00e9e.<\/p>\n<p class=\" wall-content\">\u00ab Nous sommes ravis d\u2019ouvrir notre quatri\u00e8me boulangerie en Gironde \u00bb confie le fondateur de la marque. Une ouverture qui compl\u00e8te une \u00e9tape de plus dans les plans d\u2019<strong>implantation de l\u2019enseigne dans le sud-ouest<\/strong>.<\/p>\n<p class=\" wall-content\">Suivez toute l\u2019actualit\u00e9 de vos villes et m\u00e9dias favoris en vous inscrivant \u00e0 <a href=\"https:\/\/moncompte.actu.fr\" title=\"D\u00e9couvez Mon Actu\" rel=\"nofollow noopener\" data-trk=\"{&quot;cta&quot;:{&quot;action&quot;:&quot;https:\\\/\\\/moncompte.actu.fr&quot;,&quot;category&quot;:&quot;mon compte&quot;,&quot;from&quot;:&quot;article footer&quot;,&quot;name&quot;:&quot;Mon actu&quot;,&quot;type&quot;:&quot;cta&quot;}}\" target=\"_blank\">Mon Actu<\/a>.<\/p>\n","protected":false},"excerpt":{"rendered":"Par Aurelien Cardot Publi\u00e9 le 17 mai 2025 \u00e0 17h32 Une boulangerie-p\u00e2tisserie Feuillette a ouvert le mardi 8&hellip;\n","protected":false},"author":2,"featured_media":108310,"comment_status":"","ping_status":"","sticky":false,"template":"","format":"standard","meta":{"footnotes":""},"categories":[2817],"tags":[1111,11,1477,1997,215,1777,674,1011,27,12,2219,25,1340,104],"class_list":{"0":"post-108309","1":"post","2":"type-post","3":"status-publish","4":"format-standard","5":"has-post-thumbnail","7":"category-bordeaux","8":"tag-actu","9":"tag-actualites","10":"tag-artisanat","11":"tag-bordeaux","12":"tag-commerce","13":"tag-eu","14":"tag-europe","15":"tag-fr","16":"tag-france","17":"tag-news","18":"tag-nouvelle-aquitaine","19":"tag-republique-francaise","20":"tag-restaurant","21":"tag-societe"},"share_on_mastodon":{"url":"https:\/\/pubeurope.com\/@fr\/114526409461672719","error":""},"_links":{"self":[{"href":"https:\/\/www.europesays.com\/fr\/wp-json\/wp\/v2\/posts\/108309","targetHints":{"allow":["GET"]}}],"collection":[{"href":"https:\/\/www.europesays.com\/fr\/wp-json\/wp\/v2\/posts"}],"about":[{"href":"https:\/\/www.europesays.com\/fr\/wp-json\/wp\/v2\/types\/post"}],"author":[{"embeddable":true,"href":"https:\/\/www.europesays.com\/fr\/wp-json\/wp\/v2\/users\/2"}],"replies":[{"embeddable":true,"href":"https:\/\/www.europesays.com\/fr\/wp-json\/wp\/v2\/comments?post=108309"}],"version-history":[{"count":0,"href":"https:\/\/www.europesays.com\/fr\/wp-json\/wp\/v2\/posts\/108309\/revisions"}],"wp:featuredmedia":[{"embeddable":true,"href":"https:\/\/www.europesays.com\/fr\/wp-json\/wp\/v2\/media\/108310"}],"wp:attachment":[{"href":"https:\/\/www.europesays.com\/fr\/wp-json\/wp\/v2\/media?parent=108309"}],"wp:term":[{"taxonomy":"category","embeddable":true,"href":"https:\/\/www.europesays.com\/fr\/wp-json\/wp\/v2\/categories?post=108309"},{"taxonomy":"post_tag","embeddable":true,"href":"https:\/\/www.europesays.com\/fr\/wp-json\/wp\/v2\/tags?post=108309"}],"curies":[{"name":"wp","href":"https:\/\/api.w.org\/{rel}","templated":true}]}}