{"id":108311,"date":"2025-05-18T02:11:12","date_gmt":"2025-05-18T02:11:12","guid":{"rendered":"https:\/\/www.europesays.com\/fr\/108311\/"},"modified":"2025-05-18T02:11:12","modified_gmt":"2025-05-18T02:11:12","slug":"n2-resultats-et-classement-final-des-girondins","status":"publish","type":"post","link":"https:\/\/www.europesays.com\/fr\/108311\/","title":{"rendered":"N2 : r\u00e9sultats et classement final des Girondins"},"content":{"rendered":"<p><img decoding=\"async\" src=\"https:\/\/www.europesays.com\/fr\/wp-content\/uploads\/2025\/04\/671_f7b5b4a9ce6900b0e4b7614d7a7db853.jpg\" alt=\"N2 : r\u00e9sultats et classement final des Girondins\" class=\"img-responsive mt-3\"\/><\/p>\n<p class=\"text-center mb-3\" style=\"font-size: 14px\">\u00a9 Iconsport<\/p>\n<p>Les Herbiers terminent \u00e0 la seconde place, coiffant Saint-Malo au poteau. Bordeaux se classe 4e, malgr\u00e9 sa d\u00e9faite sur le terrain de Locmin\u00e9.<br \/>Dans la lutte pour le maintien, le Stade poitevin sauve sa place en National 2, envoyant Granville et Saumur en National 3.<\/p>\n<p><strong>R\u00e9sultats de la 30e journ\u00e9e :<\/strong><\/p>\n<p>Granville <strong>3-1<\/strong> Saumur<br \/>La Roche Vend\u00e9e <strong>1-0<\/strong> Blois<br \/>Le Poir\u00e9 <strong>1-3<\/strong> Bourges<br \/>Les Herbiers <strong>2-0<\/strong> Avranches<br \/>Saint-Malo <strong>0-0<\/strong> Ch\u00e2teaubriant<br \/><a href=\"https:\/\/www.webgirondins.com\/live-girondins-revivez-locmine-bordeaux-129100\" target=\"_blank\" rel=\"noopener\"><strong>Locmin\u00e9 2-0 Bordeaux<\/strong><\/a><br \/>Saint-Brieuc <strong>4-3<\/strong> Saint-Pryv\u00e9<br \/>Poitiers <strong>3-1<\/strong> Dinan L\u00e9hon<\/p>\n<p><strong>Le classement final :<\/strong><\/p>\n<p><img decoding=\"async\" src=\"https:\/\/www.europesays.com\/fr\/wp-content\/uploads\/2025\/05\/30.PNG\" alt=\"30.PNG (57 KB)\" style=\"width:700px;max-width:100%;\"\/><\/p>\n<p>\u00a0<\/p>\n<p>\u00c0 lire aussi &gt;&gt; <strong><a href=\"https:\/\/www.webgirondins.com\/actualite-girondins-le-debrief-a-chaud-de-locmine-bordeaux-en-direct-129110\" target=\"_blank\" rel=\"noopener\">Le D\u00e9brief \u00e0 Chaud de Locmin\u00e9-Bordeaux en direct<\/a><\/strong><\/p>\n<p>Notre podcast court \u00e0 \u00e9couter :<\/p>\n<p>\u00a0<\/p>\n","protected":false},"excerpt":{"rendered":"\u00a9 Iconsport Les Herbiers terminent \u00e0 la seconde place, coiffant Saint-Malo au poteau. Bordeaux se classe 4e, malgr\u00e9&hellip;\n","protected":false},"author":2,"featured_media":5878,"comment_status":"","ping_status":"","sticky":false,"template":"","format":"standard","meta":{"footnotes":""},"categories":[2817],"tags":[22617,1111,11,3396,1997,1981,9424,22618,1777,674,22616,1011,27,1987,3465,3388,13158,12,377,2219,25,1980,3242,22619,22620,3387],"class_list":{"0":"post-108311","1":"post","2":"type-post","3":"status-publish","4":"format-standard","5":"has-post-thumbnail","7":"category-bordeaux","8":"tag-achevee","9":"tag-actu","10":"tag-actualites","11":"tag-avec","12":"tag-bordeaux","13":"tag-classement","14":"tag-derniere","15":"tag-disputes","16":"tag-eu","17":"tag-europe","18":"tag-final","19":"tag-fr","20":"tag-france","21":"tag-girondins","22":"tag-journee","23":"tag-matchs","24":"tag-mauvaise","25":"tag-news","26":"tag-note","27":"tag-nouvelle-aquitaine","28":"tag-republique-francaise","29":"tag-resultats","30":"tag-saison","31":"tag-simultanement","32":"tag-terminent","33":"tag-tous"},"share_on_mastodon":{"url":"https:\/\/pubeurope.com\/@fr\/114526413527466939","error":""},"_links":{"self":[{"href":"https:\/\/www.europesays.com\/fr\/wp-json\/wp\/v2\/posts\/108311","targetHints":{"allow":["GET"]}}],"collection":[{"href":"https:\/\/www.europesays.com\/fr\/wp-json\/wp\/v2\/posts"}],"about":[{"href":"https:\/\/www.europesays.com\/fr\/wp-json\/wp\/v2\/types\/post"}],"author":[{"embeddable":true,"href":"https:\/\/www.europesays.com\/fr\/wp-json\/wp\/v2\/users\/2"}],"replies":[{"embeddable":true,"href":"https:\/\/www.europesays.com\/fr\/wp-json\/wp\/v2\/comments?post=108311"}],"version-history":[{"count":0,"href":"https:\/\/www.europesays.com\/fr\/wp-json\/wp\/v2\/posts\/108311\/revisions"}],"wp:featuredmedia":[{"embeddable":true,"href":"https:\/\/www.europesays.com\/fr\/wp-json\/wp\/v2\/media\/5878"}],"wp:attachment":[{"href":"https:\/\/www.europesays.com\/fr\/wp-json\/wp\/v2\/media?parent=108311"}],"wp:term":[{"taxonomy":"category","embeddable":true,"href":"https:\/\/www.europesays.com\/fr\/wp-json\/wp\/v2\/categories?post=108311"},{"taxonomy":"post_tag","embeddable":true,"href":"https:\/\/www.europesays.com\/fr\/wp-json\/wp\/v2\/tags?post=108311"}],"curies":[{"name":"wp","href":"https:\/\/api.w.org\/{rel}","templated":true}]}}