{"id":108316,"date":"2025-05-18T02:15:20","date_gmt":"2025-05-18T02:15:20","guid":{"rendered":"https:\/\/www.europesays.com\/fr\/108316\/"},"modified":"2025-05-18T02:15:20","modified_gmt":"2025-05-18T02:15:20","slug":"saint-etienne-relegue-nice-lille-et-lol-accrochent-leurope-2","status":"publish","type":"post","link":"https:\/\/www.europesays.com\/fr\/108316\/","title":{"rendered":"Saint-Etienne rel\u00e9gu\u00e9, Nice, Lille et l&rsquo;OL accrochent l&rsquo;Europe"},"content":{"rendered":"<p>Saint-Etienne, qui a chut\u00e9 contre Toulouse, est rel\u00e9gu\u00e9 en Ligue 2, Reims est barragiste, tandis que Nice et Lille ont accroch\u00e9 les places europ\u00e9ennes gr\u00e2ce \u00e0 leurs victoires contre Brest et Reims, l&rsquo;OL jouera la Ligue Europa Conf\u00e9rence.<\/p>\n<p>Avec un festival de cinq buts contre Brest, Nice s&rsquo;est qualifi\u00e9 avec la mani\u00e8re (6-0) pour le tour pr\u00e9liminaire de la Ligue des champions et a termin\u00e9 en fanfare cette saison pour terminer \u00e0 la 4e place, juste derri\u00e8re Monaco qui termine 3e apr\u00e8s sa lourde d\u00e9faite (4-0) \u00e0 Lens.<\/p>\n<p>L&rsquo;OM a confort\u00e9 sa deuxi\u00e8me place gr\u00e2ce \u00e0 son succ\u00e8s contre Rennes au V\u00e9lodrome, o\u00f9 Mason Greenwood a inscrit un doubl\u00e9, rejoignant Ousmane Demb\u00e9l\u00e9 \u00e0 la t\u00eate du classement de co-meilleur buteur du championnat avec 21 buts. Il aurait pu m\u00eame doubler le Parisien mais a rat\u00e9 un p\u00e9nalty.<\/p>\n<p>Gr\u00e2ce notamment \u00e0 une superbe inspiration de R\u00e9my Cabella, Lille est en Ligue Europa en s&rsquo;imposant contre Reims (2-1), qui est barragiste apr\u00e8s une fin de saison compliqu\u00e9e. Les Champenois peuvent sauver leur saison dans une semaine en finale de Coupe de France contre le PSG.<\/p>\n<p>En bas du classement, Saint-\u00c9tienne va accompagner Montpellier en Ligue 2 apr\u00e8s sa d\u00e9faite contre Toulouse (3-2) et apr\u00e8s seulement un an en Ligue 1.<\/p>\n<p>Le Havre a lui sauv\u00e9 sa place \u00e0 la 99e minute, au bout du match gr\u00e2ce \u00e0 un p\u00e9nalty du maintien transform\u00e9 par Abdoulaye Tour\u00e9 sur une panenka synonyme de victoire sur le fil contre Strasbourg (3-2), qui ne jouera finalement pas l&rsquo;Europe.<\/p>\n<p>Cette d\u00e9faite des Alsaciens, qui ont craqu\u00e9 en fin de match, a profit\u00e9 aux Lyonnais.<\/p>\n<p>&#8211; L&rsquo;OL en Ligue Conf\u00e9rence &#8211;<\/p>\n<p>Avec sa victoire et le doubl\u00e9 d&rsquo;Alexandre Lacazette pour ses 200 et 201e buts lors de son dernier match \u00e0 Lyon, l&rsquo;OL a accroch\u00e9 la 6e place et une place pour la Ligue Conf\u00e9rence. Ovationn\u00e9 par le Groupama Stadium \u00e0 sa sortie, ses co\u00e9quipiers lui ont fait une haie d&rsquo;honneur. Rayan Cherki, le meilleur passeur du championnat et sur le d\u00e9part aussi, est sorti en larmes.<\/p>\n<p>Avec la titularisation de l&rsquo;\u00e9quipe quasiment type de Ligue des champions, le PSG a fini sur un succ\u00e8s contre Auxerre (2-1) malgr\u00e9 l&rsquo;ouverture du score de l&rsquo;AJA au Parc des Princes, o\u00f9 va \u00eatre c\u00e9l\u00e9br\u00e9 le titre de champion de France avec des festivit\u00e9s. Ousmane Demb\u00e9l\u00e9, titulaire mais qui n&rsquo;a pas marqu\u00e9, est compl\u00e8tement remis de sa g\u00eane \u00e0 la cuisse \u00e0 une semaine de la finale de la Coupe de France et \u00e0 deux semaines de la finale de la Ligue des champions.<\/p>\n<p>ali\/jld<\/p>\n","protected":false},"excerpt":{"rendered":"Saint-Etienne, qui a chut\u00e9 contre Toulouse, est rel\u00e9gu\u00e9 en Ligue 2, Reims est barragiste, tandis que Nice et&hellip;\n","protected":false},"author":2,"featured_media":108317,"comment_status":"","ping_status":"","sticky":false,"template":"","format":"standard","meta":{"footnotes":""},"categories":[2815],"tags":[1111,11,4245,3450,1777,674,21184,17996,1011,27,811,22621,446,5843,1307,2428,4242,3127,2208,12,2782,93,3280,4243,8098,584,25,4001,640,2312],"class_list":{"0":"post-108316","1":"post","2":"type-post","3":"status-publish","4":"format-standard","5":"has-post-thumbnail","7":"category-lille","8":"tag-actu","9":"tag-actualites","10":"tag-auxerre","11":"tag-brest","12":"tag-eu","13":"tag-europe","14":"tag-finale-de-coupe-de-france","15":"tag-finale-de-la-coupe-de-france","16":"tag-fr","17":"tag-france","18":"tag-hauts-de-france","19":"tag-lacazette","20":"tag-ligue-2","21":"tag-ligue-europa","22":"tag-lille","23":"tag-lyon","24":"tag-mason-greenwood","25":"tag-monaco","26":"tag-montpellier","27":"tag-news","28":"tag-ousmane-dembele","29":"tag-psg","30":"tag-rayan-cherki","31":"tag-reims","32":"tag-remy-cabella","33":"tag-rennes","34":"tag-republique-francaise","35":"tag-saint-etienne","36":"tag-strasbourg","37":"tag-toulouse"},"share_on_mastodon":{"url":"https:\/\/pubeurope.com\/@fr\/114526429090733661","error":""},"_links":{"self":[{"href":"https:\/\/www.europesays.com\/fr\/wp-json\/wp\/v2\/posts\/108316","targetHints":{"allow":["GET"]}}],"collection":[{"href":"https:\/\/www.europesays.com\/fr\/wp-json\/wp\/v2\/posts"}],"about":[{"href":"https:\/\/www.europesays.com\/fr\/wp-json\/wp\/v2\/types\/post"}],"author":[{"embeddable":true,"href":"https:\/\/www.europesays.com\/fr\/wp-json\/wp\/v2\/users\/2"}],"replies":[{"embeddable":true,"href":"https:\/\/www.europesays.com\/fr\/wp-json\/wp\/v2\/comments?post=108316"}],"version-history":[{"count":0,"href":"https:\/\/www.europesays.com\/fr\/wp-json\/wp\/v2\/posts\/108316\/revisions"}],"wp:featuredmedia":[{"embeddable":true,"href":"https:\/\/www.europesays.com\/fr\/wp-json\/wp\/v2\/media\/108317"}],"wp:attachment":[{"href":"https:\/\/www.europesays.com\/fr\/wp-json\/wp\/v2\/media?parent=108316"}],"wp:term":[{"taxonomy":"category","embeddable":true,"href":"https:\/\/www.europesays.com\/fr\/wp-json\/wp\/v2\/categories?post=108316"},{"taxonomy":"post_tag","embeddable":true,"href":"https:\/\/www.europesays.com\/fr\/wp-json\/wp\/v2\/tags?post=108316"}],"curies":[{"name":"wp","href":"https:\/\/api.w.org\/{rel}","templated":true}]}}