{"id":108322,"date":"2025-05-18T02:18:14","date_gmt":"2025-05-18T02:18:14","guid":{"rendered":"https:\/\/www.europesays.com\/fr\/108322\/"},"modified":"2025-05-18T02:18:14","modified_gmt":"2025-05-18T02:18:14","slug":"des-cameras-installees-pour-proteger-une-oeuvre-qui-divise-lopposition-sindigne","status":"publish","type":"post","link":"https:\/\/www.europesays.com\/fr\/108322\/","title":{"rendered":"des cam\u00e9ras install\u00e9es pour prot\u00e9ger une \u0153uvre qui divise, l&rsquo;opposition\u00a0s\u2019indigne"},"content":{"rendered":"<p>Place Bellecour : la mairie installe des cam\u00e9ras pour prot\u00e9ger une \u0153uvre qui divise &#8211; LyonMag<\/p>\n<p itemprop=\"description\"><strong>Promesse de v\u00e9g\u00e9talisation non tenue, installation artistique controvers\u00e9e\u2026 et d\u00e9sormais des cam\u00e9ras : la place Bellecour cristallise les tensions.<\/strong><\/p>\n<p>Alors que l\u2019\u0153uvre <a href=\"https:\/\/www.lyonmag.com\/article\/143492\/lyon-le-montage-de-l-oeuvre-ephemere-a-1-6-million-d-euros-debute-place-bellecour\" target=\"_blank\" rel=\"noopener\">\u00ab\u00a0Tissage urbain\u00a0\u00bb<\/a>, compos\u00e9e de grandes toiles color\u00e9es, est en cours d\u2019installation sur la place Bellecour, la mairie a confirm\u00e9 l\u2019ajout de\u00a0nouvelles cam\u00e9ras de vid\u00e9oprotection.<\/p>\n<p>Officiellement, ces \u00e9quipements visent \u00e0\u00a0prot\u00e9ger l\u2019installation\u00a0des d\u00e9gradations. Mais cette annonce a fait bondir l\u2019opposition, qui voit l\u00e0 un revirement peu assum\u00e9 de la politique municipale en mati\u00e8re de s\u00e9curit\u00e9.<\/p>\n<p>Ce jeudi 15 mai, en conseil municipal,\u00a0<a href=\"https:\/\/www.lyonmag.com\/profil-personnalite-lyonnaise\/512\/pierre-oliver\" target=\"_blank\" rel=\"noopener\">Pierre Oliver<\/a>, maire LR du 2e arrondissement, a vivement critiqu\u00e9 le choix de la majorit\u00e9.\u00a0<\/p>\n<p>En \u00e9cho aux\u00a0inqui\u00e9tudes exprim\u00e9es par la pr\u00e9fecture, notamment sur le maintien de l\u2019ordre en cas de mobilisation, il souligne les paradoxes s\u00e9curitaires : \u00ab\u00a0On souvient tous ici de l\u2019extr\u00eame gauche apr\u00e8s la r\u00e9forme des retraites ou la loi immigration. La pr\u00e9fecture souligne \u00e9galement \u2018un risque important de d\u00e9gradation de cette \u0153uvre\u2019, \u00e0 tel point que vous allez installer des cam\u00e9ras pour surveiller cette installation. J\u2019avoue que les bras nous en tombent alors qu\u2019il faut se battre pour que vous bougiez sur la vid\u00e9osurveillance, l\u00e0, vous y allez sans difficult\u00e9s.\u00a0\u00bb<\/p>\n<p>Tr\u00e8s remont\u00e9 contre l\u2019installation artistique elle-m\u00eame, le chef de file de la droite lyonnaise ironise : \u00ab\u00a0Cette place est en train de devenir un \u00e9tendage g\u00e9ant. Bien loin de l\u2019esprit canut qu\u2019elle est cens\u00e9e illustrer.\u00a0[\u2026]\u00a0Je pense qu\u2019avec ces 1,6 million d\u2019euros, nous aurions pu faire autre chose.\u00a0\u00bb<\/p>\n<p>D\u00e9j\u00e0 critiqu\u00e9e pour avoir renonc\u00e9 \u00e0 une v\u00e9ritable\u00a0v\u00e9g\u00e9talisation\u00a0de la place Bellecour, la municipalit\u00e9 voit ce projet artistique une nouvelle fois attaqu\u00e9, d\u00e9sormais sur le terrain s\u00e9curitaire. Les nouvelles cam\u00e9ras install\u00e9es ne suffiront sans doute pas \u00e0 calmer une opposition bien d\u00e9cid\u00e9e \u00e0 faire de cette \u0153uvre un\u00a0symbole du double discours\u00a0des Verts \u00e0 Lyon.<\/p>\n","protected":false},"excerpt":{"rendered":"Place Bellecour : la mairie installe des cam\u00e9ras pour prot\u00e9ger une \u0153uvre qui divise &#8211; LyonMag Promesse de&hellip;\n","protected":false},"author":2,"featured_media":108323,"comment_status":"","ping_status":"","sticky":false,"template":"","format":"standard","meta":{"footnotes":""},"categories":[1889],"tags":[1111,11,2813,2190,2430,1109,251,1112,2811,1777,674,118,1011,27,1922,1110,1114,2428,2810,12,241,316,25,2812,517,800],"class_list":{"0":"post-108322","1":"post","2":"type-post","3":"status-publish","4":"format-standard","5":"has-post-thumbnail","7":"category-lyon","8":"tag-actu","9":"tag-actualites","10":"tag-article","11":"tag-asvel","12":"tag-auvergne-rhone-alpes","13":"tag-breves","14":"tag-culture","15":"tag-depeches","16":"tag-economique","17":"tag-eu","18":"tag-europe","19":"tag-faits-divers","20":"tag-fr","21":"tag-france","22":"tag-info","23":"tag-informations","24":"tag-infos","25":"tag-lyon","26":"tag-lyonmag","27":"tag-news","28":"tag-ol","29":"tag-politique","30":"tag-republique-francaise","31":"tag-sociale","32":"tag-sport","33":"tag-transports"},"share_on_mastodon":{"url":"https:\/\/pubeurope.com\/@fr\/114526440882163519","error":""},"_links":{"self":[{"href":"https:\/\/www.europesays.com\/fr\/wp-json\/wp\/v2\/posts\/108322","targetHints":{"allow":["GET"]}}],"collection":[{"href":"https:\/\/www.europesays.com\/fr\/wp-json\/wp\/v2\/posts"}],"about":[{"href":"https:\/\/www.europesays.com\/fr\/wp-json\/wp\/v2\/types\/post"}],"author":[{"embeddable":true,"href":"https:\/\/www.europesays.com\/fr\/wp-json\/wp\/v2\/users\/2"}],"replies":[{"embeddable":true,"href":"https:\/\/www.europesays.com\/fr\/wp-json\/wp\/v2\/comments?post=108322"}],"version-history":[{"count":0,"href":"https:\/\/www.europesays.com\/fr\/wp-json\/wp\/v2\/posts\/108322\/revisions"}],"wp:featuredmedia":[{"embeddable":true,"href":"https:\/\/www.europesays.com\/fr\/wp-json\/wp\/v2\/media\/108323"}],"wp:attachment":[{"href":"https:\/\/www.europesays.com\/fr\/wp-json\/wp\/v2\/media?parent=108322"}],"wp:term":[{"taxonomy":"category","embeddable":true,"href":"https:\/\/www.europesays.com\/fr\/wp-json\/wp\/v2\/categories?post=108322"},{"taxonomy":"post_tag","embeddable":true,"href":"https:\/\/www.europesays.com\/fr\/wp-json\/wp\/v2\/tags?post=108322"}],"curies":[{"name":"wp","href":"https:\/\/api.w.org\/{rel}","templated":true}]}}