{"id":108324,"date":"2025-05-18T02:19:20","date_gmt":"2025-05-18T02:19:20","guid":{"rendered":"https:\/\/www.europesays.com\/fr\/108324\/"},"modified":"2025-05-18T02:19:20","modified_gmt":"2025-05-18T02:19:20","slug":"sortie-reussie-pour-alexandre-lacazette-lyon-en-conference-league-sur-le-fil","status":"publish","type":"post","link":"https:\/\/www.europesays.com\/fr\/108324\/","title":{"rendered":"sortie r\u00e9ussie pour Alexandre Lacazette, Lyon en Conference League sur le fil !"},"content":{"rendered":"<p>Sur la pelouse du Groupama Stadium, <strong>Paulo Fonseca<\/strong> avait d\u00e9cid\u00e9 d&#8217;empiler les \u00e9l\u00e9ments offensifs pour garantir un succ\u00e8s et donner toutes les chances \u00e0 son capitaine de r\u00e9ussir sa sortie.<\/p>\n<p>A la 17e minute, un superbe encha\u00eenement permettait \u00e0 <strong>Ainsley Maitland-Niles<\/strong> de frapper sur le gardien, puis le centre fort d&rsquo;<strong>Alexandre Lacazette<\/strong> \u00e9tait repris n&rsquo;importe comment par <strong>Jordan Veretout<\/strong>.<\/p>\n<p>Les actions se multipliaient pour Lyon, sans grande lucidit\u00e9 dans la derni\u00e8re passe ou les frappes.<\/p>\n<p>Et alors que les d\u00e9fenseurs angevins et leur gardien \u00e9taient intraitables, <strong>Melvin Zinga<\/strong> craquait \u00e0 la 54e minute. Le jeune portier fauchait <strong>Thiago Almada<\/strong> dans la surface et offrait le penalty tant attendu \u00e0 Alexandre Lacazette, auteur de son 200e but avec l&rsquo;OL et d&rsquo;une c\u00e9l\u00e9bration iconique, celle de la Roma (1-0).<\/p>\n<p>A la 60e Thiago Almada frappait s\u00e8chement \u00e0 l&rsquo;entr\u00e9e de la surface mais le ballon de l&rsquo;Argentin heurtait le poteau angevin.<\/p>\n<p>Alexandre Lacazette s&rsquo;offrait un doubl\u00e9 \u00e0 la 72e. <strong>Rayan Cherki <\/strong>centrait et l&rsquo;attaquant n&rsquo;avait plus qu&rsquo;\u00e0 marquer dans le but vide sa 201e r\u00e9alisation lyonnaise (2-0). Ce qui permettait aussi \u00e0 Cherki de finir meilleur passeur du championnat.<\/p>\n<p>Au rayon des satisfactions du soir, on retrouve les derni\u00e8res r\u00e9ussies pour plusieurs joueurs, puisque Rayan Cherki est sorti en larmes. Ou encore le clean-sheet. Sans oublier la rel\u00e9gation de l&rsquo;ASSE.<\/p>\n<p>La qualification en Conference League a \u00e9t\u00e9 finalement d\u00e9croch\u00e9e \u00e0 l&rsquo;issue de cette journ\u00e9e, puisque Le Havre a battu Strasbourg au bout du suspense, offrant la 6e place \u00e0 Lyon. Et si le PSG gagne la Coupe de France, l&rsquo;OL irait en Europa League !<\/p>\n<p>Place ensuite \u00e0 la douloureuse suite des aventures de <strong>John Textor<\/strong>, absent ce samedi soir. Les caisses de l&rsquo;OL auront-elles \u00e9t\u00e9 renflou\u00e9es d&rsquo;ici son passage devant la DNCG et ainsi \u00e9viter une rel\u00e9gation administrative ?<\/p>\n<p><strong>Olympique Lyonnais- SCO Angers 2-0 (0-0)<\/strong><br \/>&#13;<br \/>\n<strong>Avertissements <\/strong>: Caleta-Car (25&prime;) pour Lyon<br \/>&#13;<br \/>\n<strong>Buts <\/strong>: Lacazette (56&prime; et 72&prime;) pour Lyon<\/p>\n","protected":false},"excerpt":{"rendered":"Sur la pelouse du Groupama Stadium, Paulo Fonseca avait d\u00e9cid\u00e9 d&#8217;empiler les \u00e9l\u00e9ments offensifs pour garantir un succ\u00e8s&hellip;\n","protected":false},"author":2,"featured_media":108325,"comment_status":"","ping_status":"","sticky":false,"template":"","format":"standard","meta":{"footnotes":""},"categories":[1889],"tags":[1111,11,2813,2430,1109,1112,1777,674,2257,1011,27,1922,1110,1114,2428,2851,12,241,25,517],"class_list":{"0":"post-108324","1":"post","2":"type-post","3":"status-publish","4":"format-standard","5":"has-post-thumbnail","7":"category-lyon","8":"tag-actu","9":"tag-actualites","10":"tag-article","11":"tag-auvergne-rhone-alpes","12":"tag-breves","13":"tag-depeches","14":"tag-eu","15":"tag-europe","16":"tag-foot","17":"tag-fr","18":"tag-france","19":"tag-info","20":"tag-informations","21":"tag-infos","22":"tag-lyon","23":"tag-lyonfoot","24":"tag-news","25":"tag-ol","26":"tag-republique-francaise","27":"tag-sport"},"share_on_mastodon":{"url":"https:\/\/pubeurope.com\/@fr\/114526444765149832","error":""},"_links":{"self":[{"href":"https:\/\/www.europesays.com\/fr\/wp-json\/wp\/v2\/posts\/108324","targetHints":{"allow":["GET"]}}],"collection":[{"href":"https:\/\/www.europesays.com\/fr\/wp-json\/wp\/v2\/posts"}],"about":[{"href":"https:\/\/www.europesays.com\/fr\/wp-json\/wp\/v2\/types\/post"}],"author":[{"embeddable":true,"href":"https:\/\/www.europesays.com\/fr\/wp-json\/wp\/v2\/users\/2"}],"replies":[{"embeddable":true,"href":"https:\/\/www.europesays.com\/fr\/wp-json\/wp\/v2\/comments?post=108324"}],"version-history":[{"count":0,"href":"https:\/\/www.europesays.com\/fr\/wp-json\/wp\/v2\/posts\/108324\/revisions"}],"wp:featuredmedia":[{"embeddable":true,"href":"https:\/\/www.europesays.com\/fr\/wp-json\/wp\/v2\/media\/108325"}],"wp:attachment":[{"href":"https:\/\/www.europesays.com\/fr\/wp-json\/wp\/v2\/media?parent=108324"}],"wp:term":[{"taxonomy":"category","embeddable":true,"href":"https:\/\/www.europesays.com\/fr\/wp-json\/wp\/v2\/categories?post=108324"},{"taxonomy":"post_tag","embeddable":true,"href":"https:\/\/www.europesays.com\/fr\/wp-json\/wp\/v2\/tags?post=108324"}],"curies":[{"name":"wp","href":"https:\/\/api.w.org\/{rel}","templated":true}]}}