{"id":108326,"date":"2025-05-18T02:22:09","date_gmt":"2025-05-18T02:22:09","guid":{"rendered":"https:\/\/www.europesays.com\/fr\/108326\/"},"modified":"2025-05-18T02:22:09","modified_gmt":"2025-05-18T02:22:09","slug":"ratp-flambant-neuves-mais-bruyantes-a-la-courneuve-les-nouvelles-rames-du-t1-se-font-trop-entendre","status":"publish","type":"post","link":"https:\/\/www.europesays.com\/fr\/108326\/","title":{"rendered":"RATP. Flambant neuves mais bruyantes&#8230; \u00c0 La Courneuve, les nouvelles rames du T1 se font (trop) entendre"},"content":{"rendered":"<p>            Par<br \/>\n        <strong><br \/>\n            <a href=\"https:\/\/actu.fr\/auteur\/dorinegoth\" title=\"Consulter tous les articles de Dorine Goth\" rel=\"nofollow noopener\" target=\"_blank\">Dorine Goth<\/a><br \/>\n        <\/strong><\/p>\n<p>        Publi\u00e9 le<\/p>\n<p>            15 mai 2025 \u00e0 7h18        <\/p>\n<p>Leur arriv\u00e9e \u00e9tait une bonne nouvelle. En d\u00e9cembre\u00a02024, <strong><a href=\"http:\/\/actu.fr\/ile-de-france\/villetaneuse_93079\/apres-l-antique-tramway-t1-les-nouvelles-rames-spacieuses-et-modernes-bientot-deployees-en-seine-saint-denis_61690005.html\" rel=\"nofollow noopener\" target=\"_blank\">les nouvelles rames du T1<\/a><\/strong> entraient en piste sur <a href=\"https:\/\/actu.fr\/ile-de-france\/saint-denis_93066\/modernisation-du-tram-t1-les-travaux-ont-debute-a-saint-denis_34648579.html\" rel=\"nofollow noopener\" target=\"_blank\">la plus vieille ligne de tramway<\/a> francilienne. Avec son design moderne et son int\u00e9rieur flambant neuf, elles balayaient les veilles TFS en circulation depuis plus de 30\u00a0ans et faisaient entrer <a href=\"http:\/\/actu.fr\/ile-de-france\/bobigny_93008\/seine-saint-denis-apres-des-essais-peu-convaincants-la-ratp-reporte-la-reouverture-du-tramway-t1_62433661.html\" rel=\"nofollow noopener\" target=\"_blank\">la ligne<\/a> dans le 21e si\u00e8cle. Mais depuis, les TW20 qui remplacent au fur et \u00e0 mesure le mat\u00e9riel roulant ne passent pas inaper\u00e7ues. Chaque passage, notamment \u00e0 <strong>La Courneuve<\/strong> (Seine-Saint-Denis), est accompagn\u00e9 d\u2019un d\u00e9licat <strong>raclement m\u00e9tallique.<\/strong><\/p>\n<p>    <a href=\"https:\/\/email.publihebdos.com\/form?lid=Mqc7o19yVDtMEo2FE8aUtw2\" title=\"Ouvrie le lien\" rel=\"nofollow noopener\" target=\"_blank\">Cliquez ici pour visualiser le contenu<\/a><\/p>\n<p>\u00ab\u2009Le r\u00e9sultat n\u2019est pas \u00e0 la hauteur\u2009\u00bb<\/p>\n<p class=\" wall-content\">Le long de la rue de la Convention, la m\u00e9lodie du passage des TW20 n\u2019a rien \u00e0 envier \u00e0 celle de son anc\u00eatre pr\u00e9historique. Sur cette avenue bord\u00e9e d\u2019immeuble, les nouvelles rames de tramway, malgr\u00e9 leur apparence inoffensive, font plut\u00f4t office de <strong>monstre de fer<\/strong>. \u00ab\u2009Je pensais qu\u2019ils seraient moins bruyants que les anciennes rames\u2009\u00bb, commente Odette, ce mercredi 14 mai 2025, \u00e0 l\u2019arr\u00eat H\u00f4tel de Ville. \u00ab\u2009Quand elles roulent, \u00e7a fait \u2018tac tac tac\u2019. Pas besoin de se retourner pour savoir qu\u2019elles arrivent\u2009\u00bb, rigole Sihem \u00e0 c\u00f4t\u00e9. Aucune des deux ne vit directement sur l\u2019avenue. \u00ab\u2009Mais j\u2019ose m\u00eame pas imaginer pour les voisins. Avec <a href=\"https:\/\/actu.fr\/meteo\/meteo-record-de-chaleur-a-paris-ce-samedi-mais-un-gros-coup-de-froid-va-tout-changer-en-ile-de-france_62472257.html\" rel=\"nofollow noopener\" target=\"_blank\">la chaleur<\/a> et les fen\u00eatres ouvertes, \u00e7a doit \u00eatre un enfer\u2009!\u2009\u00bb, poursuit Odette.<\/p>\n<p class=\" wall-content\">Face aux d\u00e9sagr\u00e9ments, le maire de la ville, Gilles Poux (PCF), a \u00e9crit fin avril directement \u00e0 la <a href=\"https:\/\/actu.fr\/tag\/ratp\" rel=\"nofollow noopener\" target=\"_blank\">RATP<\/a> pour trouver une solution. \u00ab\u2009Le r\u00e9sultat n\u2019est pas \u00e0 la hauteur des attentes, s\u2019agissant du mat\u00e9riel roulant\u2009\u00bb, explique l\u2019\u00e9dile qui indique avoir lui-m\u00eame \u00ab\u2009constat\u00e9\u2009\u00bb les d\u00e9sagr\u00e9ments.<\/p>\n<p>    <a href=\"https:\/\/www.facebook.com\/plugins\/post.php?href=https%3A%2F%2Fwww.facebook.com%2FG.Poux%2Fposts%2Fpfbid0R17kRTJFLNHXzVmrhKSJGbMi7s3hoiedc17a3UoADYzF5MQVNc2RTA1M8HsDrYgfl&amp;show_text=true&amp;width=350\" title=\"Ouvrie le lien\" rel=\"nofollow noopener\" target=\"_blank\">Cliquez ici pour visualiser le contenu<\/a><\/p>\n<p>Des investigations en cours<\/p>\n<p class=\" wall-content\">Du c\u00f4t\u00e9 de la RATP, on r\u00e9pond que \u00ab\u2009le sujet est bien identifi\u00e9\u2009\u00bb. \u00ab\u2009Des investigations sont en cours par les \u00e9quipes techniques et le constructeur des rames TW20 Alstom\u2009\u00bb, indique la r\u00e9gie des transports. Apr\u00e8s une visite de la zone, la RATP donne rendez-vous d\u2019ici \u00ab\u2009\u00e0 la fin du mois\u2009\u00bb avec les parties prenantes pour faire <strong>un point sur la situation<\/strong>. \u00ab\u2009La RATP est tr\u00e8s attentive aux <a href=\"https:\/\/actu.fr\/ile-de-france\/paris_75056\/cartes-les-points-noirs-de-bruit-des-reseaux-ratp-et-sncf-traques-a-paris_59979102.html\" rel=\"nofollow noopener\" target=\"_blank\">nuisances sonores et vibratoires<\/a> et met tout en \u0153uvre pour\u202fr\u00e9duire au maximum les impacts et am\u00e9liorer l\u2019environnement sonore des riverains, des voyageurs et des agents\u2009\u00bb, poursuit-elle.<\/p>\n<p class=\" wall-content\">\u00cele-de-France mobilit\u00e9s, l\u2019autorit\u00e9 organisatrice des transports en \u00cele-de-France, presse son op\u00e9rateur. \u00ab\u2009Alstom et la RATP doivent faire le n\u00e9cessaire pour trouver au plus vite une solution et mettre fin \u00e0 ces nuisances sonores\u2009\u00bb, indique-t-elle \u00e0 actu Paris.<\/p>\n<p>Des nouvelles lignes bruyantes<\/p>\n<p class=\" wall-content\">Ce n\u2019est pas la premi\u00e8re fois que les nouvelles lignes de tramway g\u00e9n\u00e8rent d\u2019importantes nuisances sonores. Au nord du d\u00e9partement, la mise en service du <strong><a href=\"https:\/\/actu.fr\/societe\/idfm-ca-va-s-arreter-quand-colere-des-usagers-de-seine-saint-denis-prives-du-t4-depuis-cinq-jours_62544928.html\" rel=\"nofollow noopener\" target=\"_blank\">tramway T4<\/a>,<\/strong> exploit\u00e9 par la SNCF, avait certes \u00e9t\u00e9 une r\u00e9volution pour les habitants mais aussi un calvaire pour les riverains qui subissaient jour et nuit <a href=\"https:\/\/actu.fr\/ile-de-france\/les-pavillons-sous-bois_93057\/seine-saint-denis-les-rails-du-tramway-t4-seront-mouilles-tout-l-ete-pour-limiter-le-bruit_40985151.html\" rel=\"nofollow noopener\" target=\"_blank\">le crissement des roues sur les voies<\/a> dans les courbes. Dans les Yvelines, c\u2019est le<strong> tram-train T13<\/strong>, aussi exploit\u00e9 par la SNCF, qui fait vivre un enfer \u00e0 ses voisins.<\/p>\n<p class=\" wall-content\">Sur ses lignes, la RATP indique avoir engag\u00e9 des travaux pour r\u00e9duire d\u2019ici cette ann\u00e9e l\u2019ensemble des points noirs du bruit sur son r\u00e9seau. Au total, environ <strong>3\u00a0millions d\u2019euros<\/strong>\u00a0sont investis chaque ann\u00e9e pour des op\u00e9rations de r\u00e9duction de bruit et de vibration.<\/p>\n<p class=\" wall-content\">Suivez toute l\u2019actualit\u00e9 de vos villes et m\u00e9dias favoris en vous inscrivant \u00e0 <a href=\"https:\/\/moncompte.actu.fr\" title=\"D\u00e9couvez Mon Actu\" rel=\"nofollow noopener\" data-trk=\"{&quot;cta&quot;:{&quot;action&quot;:&quot;https:\\\/\\\/moncompte.actu.fr&quot;,&quot;category&quot;:&quot;mon compte&quot;,&quot;from&quot;:&quot;article footer&quot;,&quot;name&quot;:&quot;Mon actu&quot;,&quot;type&quot;:&quot;cta&quot;}}\" target=\"_blank\">Mon Actu<\/a>.<\/p>\n","protected":false},"excerpt":{"rendered":"Par Dorine Goth Publi\u00e9 le 15 mai 2025 \u00e0 7h18 Leur arriv\u00e9e \u00e9tait une bonne nouvelle. En d\u00e9cembre\u00a02024,&hellip;\n","protected":false},"author":2,"featured_media":108327,"comment_status":"","ping_status":"","sticky":false,"template":"","format":"standard","meta":{"footnotes":""},"categories":[1888],"tags":[1111,1928,11,1927,1777,674,1011,27,12,1926,626,1925,625,25,104,2803],"class_list":{"0":"post-108326","1":"post","2":"type-post","3":"status-publish","4":"format-standard","5":"has-post-thumbnail","7":"category-paris","8":"tag-actu","9":"tag-actu-paris","10":"tag-actualites","11":"tag-actualites-paris","12":"tag-eu","13":"tag-europe","14":"tag-fr","15":"tag-france","16":"tag-news","17":"tag-news-paris","18":"tag-paris","19":"tag-paris-news","20":"tag-ratp","21":"tag-republique-francaise","22":"tag-societe","23":"tag-transport"},"share_on_mastodon":{"url":"https:\/\/pubeurope.com\/@fr\/114526456595711036","error":""},"_links":{"self":[{"href":"https:\/\/www.europesays.com\/fr\/wp-json\/wp\/v2\/posts\/108326","targetHints":{"allow":["GET"]}}],"collection":[{"href":"https:\/\/www.europesays.com\/fr\/wp-json\/wp\/v2\/posts"}],"about":[{"href":"https:\/\/www.europesays.com\/fr\/wp-json\/wp\/v2\/types\/post"}],"author":[{"embeddable":true,"href":"https:\/\/www.europesays.com\/fr\/wp-json\/wp\/v2\/users\/2"}],"replies":[{"embeddable":true,"href":"https:\/\/www.europesays.com\/fr\/wp-json\/wp\/v2\/comments?post=108326"}],"version-history":[{"count":0,"href":"https:\/\/www.europesays.com\/fr\/wp-json\/wp\/v2\/posts\/108326\/revisions"}],"wp:featuredmedia":[{"embeddable":true,"href":"https:\/\/www.europesays.com\/fr\/wp-json\/wp\/v2\/media\/108327"}],"wp:attachment":[{"href":"https:\/\/www.europesays.com\/fr\/wp-json\/wp\/v2\/media?parent=108326"}],"wp:term":[{"taxonomy":"category","embeddable":true,"href":"https:\/\/www.europesays.com\/fr\/wp-json\/wp\/v2\/categories?post=108326"},{"taxonomy":"post_tag","embeddable":true,"href":"https:\/\/www.europesays.com\/fr\/wp-json\/wp\/v2\/tags?post=108326"}],"curies":[{"name":"wp","href":"https:\/\/api.w.org\/{rel}","templated":true}]}}