{"id":108332,"date":"2025-05-18T02:25:18","date_gmt":"2025-05-18T02:25:18","guid":{"rendered":"https:\/\/www.europesays.com\/fr\/108332\/"},"modified":"2025-05-18T02:25:18","modified_gmt":"2025-05-18T02:25:18","slug":"kvaratskhelia-heureux-a-paris-et-declare-ses-ambitions","status":"publish","type":"post","link":"https:\/\/www.europesays.com\/fr\/108332\/","title":{"rendered":"Kvaratskhelia heureux \u00e0 Paris et d\u00e9clare ses ambitions !"},"content":{"rendered":"<p><img width=\"700\" height=\"350\" src=\"https:\/\/www.europesays.com\/fr\/wp-content\/uploads\/2025\/05\/Kvaratskhelia-1.jpg\" class=\"attachment-jannah-image-post size-jannah-image-post wp-post-image\" alt=\"Kvaratskhelia\" is_main_img=\"1\" decoding=\"async\" fetchpriority=\"high\"  \/><br \/>\n Image : Compte X<br \/>\n@PSG_inside<\/p>\n<p>Apr\u00e8s sa victoire contre Auxerre (3-1), Kvicha<br \/>\nKavaratskhelia est revenu sur sa prestation XXL et se projette d\u00e9j\u00e0<br \/>\nsur les deux prochaines finales \u00e0 venir pour le PSG.<\/p>\n<p>On ne pouvait pas mieux terminer la saison pour le PSG ! En<br \/>\ndifficult\u00e9 et m\u00eame men\u00e9 au score par Auxerre \u00e0 la mi-temps, le PSG<br \/>\na r\u00e9ussi \u00e0 retourner la situation en seulement quelques minutes<br \/>\ngr\u00e2ce entre autres \u00e0 un <strong>Kvicha Kvaratskhelia<\/strong> des<br \/>\ngrands soirs et <a href=\"https:\/\/canal-supporters.com\/psg-aja-paris-termine-en-beaute-la-saison-en-ligue-1\/\" title=\"\" target=\"_blank\" rel=\"noopener\">permis aux siens de remporter cette rencontre (3-1)<\/a> !<br \/>\nUn doubl\u00e9, des diff\u00e9rences, un gros abattage d\u00e9fensif\u2026 Une grosse<br \/>\nperformance qui lui aura valu d\u2019\u00eatre (logiquement) \u00e9lu homme du<br \/>\nmatch.<\/p>\n<p>\u00ab\u00a0On va tout faire pour tout<br \/>\nremporter !\u00a0\u00bb<\/p>\n<p>Au micro de <strong><a href=\"https:\/\/x.com\/CanalSupporters\/status\/1923845898192228533\" title=\"\">DAZN<\/a><\/strong>, l\u2019international g\u00e9orgien est revenu sur<br \/>\nson adaptation dans son nouveau club et son amour pour Paris.<\/p>\n<blockquote class=\"wp-block-quote is-layout-flow wp-block-quote-is-layout-flow\">\n<p>\u00ab\u00a0On a bien pr\u00e9par\u00e9 ce match. Il y aura des matchs plus<br \/>\nimportants \u00e0 venir mais on \u00e9tait bien.<br \/>Mon adaptation ? J\u2019essaye de m\u2019adapter au mieux ! Je suis tr\u00e8s<br \/>\ncontent d\u2019\u00eatre ici et je prends beaucoup de plaisir ici \u00e0 Paris<br \/>\n!\u00ab\u00a0<\/p>\n<\/blockquote>\n<p>Apr\u00e8s cette <strong>nouvelle victoire en Ligue 1<\/strong>, la<br \/>\n26\u00e8me de la saison, le num\u00e9ro 7 parisien se projette d\u00e9j\u00e0 sur les<br \/>\ndeux finales \u00e0 venir, dont celle du <strong>31 mai \u00e0 Munich en<br \/>\nLigue des Champions<\/strong> et l\u2019ambition est claire dans la t\u00eate<br \/>\nde Kvicha Kvaratskhelia : Tout rafler !<\/p>\n<blockquote class=\"wp-block-quote is-layout-flow wp-block-quote-is-layout-flow\">\n<p>On est tr\u00e8s focus et concentr\u00e9s sur les prochains matchs !<br \/>\nLes deux prochains matchs seront tr\u00e8s importants et on veut tout<br \/>\nfaire pour les remporter !!<\/p>\n<\/blockquote>\n","protected":false},"excerpt":{"rendered":"Image : Compte X @PSG_inside Apr\u00e8s sa victoire contre Auxerre (3-1), Kvicha Kavaratskhelia est revenu sur sa prestation&hellip;\n","protected":false},"author":2,"featured_media":108333,"comment_status":"","ping_status":"","sticky":false,"template":"","format":"standard","meta":{"footnotes":""},"categories":[1888],"tags":[11,4928,1777,674,1011,27,22623,22624,66,12,626,91,92,93,22625,17165,25,96],"class_list":{"0":"post-108332","1":"post","2":"type-post","3":"status-publish","4":"format-standard","5":"has-post-thumbnail","7":"category-paris","8":"tag-actualites","9":"tag-dazn","10":"tag-eu","11":"tag-europe","12":"tag-fr","13":"tag-france","14":"tag-kvaratskehlia","15":"tag-kvicha-kvaratskhelia","16":"tag-ligue-1","17":"tag-news","18":"tag-paris","19":"tag-paris-saint-germain","20":"tag-paris-sg","21":"tag-psg","22":"tag-psg-aja","23":"tag-psg-auxerre","24":"tag-republique-francaise","25":"tag-une"},"share_on_mastodon":{"url":"https:\/\/pubeurope.com\/@fr\/114526469142932771","error":""},"_links":{"self":[{"href":"https:\/\/www.europesays.com\/fr\/wp-json\/wp\/v2\/posts\/108332","targetHints":{"allow":["GET"]}}],"collection":[{"href":"https:\/\/www.europesays.com\/fr\/wp-json\/wp\/v2\/posts"}],"about":[{"href":"https:\/\/www.europesays.com\/fr\/wp-json\/wp\/v2\/types\/post"}],"author":[{"embeddable":true,"href":"https:\/\/www.europesays.com\/fr\/wp-json\/wp\/v2\/users\/2"}],"replies":[{"embeddable":true,"href":"https:\/\/www.europesays.com\/fr\/wp-json\/wp\/v2\/comments?post=108332"}],"version-history":[{"count":0,"href":"https:\/\/www.europesays.com\/fr\/wp-json\/wp\/v2\/posts\/108332\/revisions"}],"wp:featuredmedia":[{"embeddable":true,"href":"https:\/\/www.europesays.com\/fr\/wp-json\/wp\/v2\/media\/108333"}],"wp:attachment":[{"href":"https:\/\/www.europesays.com\/fr\/wp-json\/wp\/v2\/media?parent=108332"}],"wp:term":[{"taxonomy":"category","embeddable":true,"href":"https:\/\/www.europesays.com\/fr\/wp-json\/wp\/v2\/categories?post=108332"},{"taxonomy":"post_tag","embeddable":true,"href":"https:\/\/www.europesays.com\/fr\/wp-json\/wp\/v2\/tags?post=108332"}],"curies":[{"name":"wp","href":"https:\/\/api.w.org\/{rel}","templated":true}]}}