{"id":108336,"date":"2025-05-18T02:27:09","date_gmt":"2025-05-18T02:27:09","guid":{"rendered":"https:\/\/www.europesays.com\/fr\/108336\/"},"modified":"2025-05-18T02:27:09","modified_gmt":"2025-05-18T02:27:09","slug":"un-18e-chargement-pour-lukraine-va-partir-de-plomeur","status":"publish","type":"post","link":"https:\/\/www.europesays.com\/fr\/108336\/","title":{"rendered":"Un 18e chargement pour l\u2019Ukraine va partir de Plomeur"},"content":{"rendered":"<p>Apr\u00e8s trois ans de conflit, l\u2019association solidarit\u00e9 bigoud\u00e8ne pour l\u2019Ukraine continue ses livraisons humanitaires vers l\u2019Ukraine. En d\u00e9pit d\u2019un essoufflement des dons et des \u00ab\u00a0difficult\u00e9s pour trouver un camion pour faire le trajet en direct depuis Plomeur\u00a0\u00bb, l\u2019association a pu effectuer son 18e chargement vendredi 16 mai. Les quinze b\u00e9n\u00e9voles ont ainsi transvas\u00e9 lits m\u00e9dicalis\u00e9s, fauteuils roulants, ordinateurs, v\u00eatements, brancards, matelas, filets de p\u00eache et plus de 6\u200a300 conserves de leur entrep\u00f4t, pr\u00eat\u00e9 par la mairie, rue du Cimeti\u00e8re, au semi-remorque.<\/p>\n<p>Parmi ces b\u00e9n\u00e9voles se trouvaient quatre jeunes de la troisi\u00e8me pr\u00e9pa m\u00e9tier du coll\u00e8ge Saint-Gabriel. Une aventure que l\u2019\u00e9tablissement suit depuis le d\u00e9but. D\u2019autres associations comme Douarnenez pour l\u2019Ukraine, Ne jetez plus ou encore Oualidia ont donn\u00e9 de leur temps et des dons.<\/p>\n<p>Le chargement sera ensuite dispatch\u00e9 par les associations ukrainiennes sur place.<\/p>\n<p>Tout sera utilis\u00e9. \u00ab\u00a0Chaque carton, chaque sac charg\u00e9 aujourd\u2019hui est un message d\u2019espoir et de fraternit\u00e9\u00a0\u00bb, lance Galyna, qui organisait l\u2019\u00e9v\u00e9nement.<\/p>\n<p><b>Pratique<\/b><\/p>\n<p class=\"note\">Rien que pour le trajet, 3\u200a800\u200a\u20ac sont n\u00e9cessaires. Pour effectuer un don\u00a0: t\u00e9l. 06\u00a079\u00a050\u00a024\u00a048.<\/p>\n","protected":false},"excerpt":{"rendered":"Apr\u00e8s trois ans de conflit, l\u2019association solidarit\u00e9 bigoud\u00e8ne pour l\u2019Ukraine continue ses livraisons humanitaires vers l\u2019Ukraine. En d\u00e9pit&hellip;\n","protected":false},"author":2,"featured_media":108337,"comment_status":"","ping_status":"","sticky":false,"template":"","format":"standard","meta":{"footnotes":""},"categories":[1590],"tags":[11,1777,674,131,12,22626,3323,220],"class_list":{"0":"post-108336","1":"post","2":"type-post","3":"status-publish","4":"format-standard","5":"has-post-thumbnail","7":"category-ukraine","8":"tag-actualites","9":"tag-eu","10":"tag-europe","11":"tag-guerre-en-ukraine","12":"tag-news","13":"tag-plomeur","14":"tag-pont-labbe","15":"tag-ukraine"},"share_on_mastodon":{"url":"","error":""},"_links":{"self":[{"href":"https:\/\/www.europesays.com\/fr\/wp-json\/wp\/v2\/posts\/108336","targetHints":{"allow":["GET"]}}],"collection":[{"href":"https:\/\/www.europesays.com\/fr\/wp-json\/wp\/v2\/posts"}],"about":[{"href":"https:\/\/www.europesays.com\/fr\/wp-json\/wp\/v2\/types\/post"}],"author":[{"embeddable":true,"href":"https:\/\/www.europesays.com\/fr\/wp-json\/wp\/v2\/users\/2"}],"replies":[{"embeddable":true,"href":"https:\/\/www.europesays.com\/fr\/wp-json\/wp\/v2\/comments?post=108336"}],"version-history":[{"count":0,"href":"https:\/\/www.europesays.com\/fr\/wp-json\/wp\/v2\/posts\/108336\/revisions"}],"wp:featuredmedia":[{"embeddable":true,"href":"https:\/\/www.europesays.com\/fr\/wp-json\/wp\/v2\/media\/108337"}],"wp:attachment":[{"href":"https:\/\/www.europesays.com\/fr\/wp-json\/wp\/v2\/media?parent=108336"}],"wp:term":[{"taxonomy":"category","embeddable":true,"href":"https:\/\/www.europesays.com\/fr\/wp-json\/wp\/v2\/categories?post=108336"},{"taxonomy":"post_tag","embeddable":true,"href":"https:\/\/www.europesays.com\/fr\/wp-json\/wp\/v2\/tags?post=108336"}],"curies":[{"name":"wp","href":"https:\/\/api.w.org\/{rel}","templated":true}]}}