{"id":108340,"date":"2025-05-18T02:29:09","date_gmt":"2025-05-18T02:29:09","guid":{"rendered":"https:\/\/www.europesays.com\/fr\/108340\/"},"modified":"2025-05-18T02:29:09","modified_gmt":"2025-05-18T02:29:09","slug":"3-iraniens-inculpes-pour-des-activites-despionnage-presumees","status":"publish","type":"post","link":"https:\/\/www.europesays.com\/fr\/108340\/","title":{"rendered":"3 Iraniens inculp\u00e9s pour des activit\u00e9s d&rsquo;espionnage pr\u00e9sum\u00e9es"},"content":{"rendered":"<p>Les trois hommes, arr\u00eat\u00e9s le 3 mai, sont pr\u00e9sent\u00e9s samedi \u00e0 un tribunal de Londres. Ils font l\u2019objet \u00abd\u2019accusations extr\u00eamement graves\u00bb.<\/p>\n<p class=\"fig-paragraph\">Trois ressortissants iraniens ont \u00e9t\u00e9 inculp\u00e9s en Grande-Bretagne pour des activit\u00e9s d&rsquo;espionnage pr\u00e9sum\u00e9es\u00a0<a href=\"http:\/\/www.lefigaro.fr\/flash-actu\/royaume-uni-un-ex-militaire-condamne-a-14-ans-de-prison-pour-espionnage-pour-l-iran-20250203\" data-fig-type=\"NewsFlash\" data-gtm-custom-categorie=\"navigation\" data-gtm-custom-action=\"crossclick\" data-gtm-custom-label=\"Contextuel\" data-gtm-event=\"customEventSPE\" data-fig-domain=\"LEFIGARO\" target=\"_blank\" rel=\"noopener\">au profit de l&rsquo;Iran<\/a>\u00a0entre 2024 et 2025, a annonc\u00e9 samedi la police de Londres, \u00e0 l&rsquo;issue d&rsquo;une enqu\u00eate men\u00e9e par son unit\u00e9 antiterroriste. Ils font l&rsquo;objet \u00abd&rsquo;accusations extr\u00eamement graves\u00bb, a soulign\u00e9 dans un communiqu\u00e9 le commandant de cette unit\u00e9, Dominic Murphy. Les trois hommes, arr\u00eat\u00e9s le 3 mai, sont pr\u00e9sent\u00e9s samedi \u00e0 un tribunal de Londres. Inculp\u00e9s pour des \u00abactes susceptibles d\u2019aider un service de renseignement \u00e9tranger\u00bb entre ao\u00fbt 2024 et f\u00e9vrier 2025, ils seront pr\u00e9sent\u00e9s samedi \u00e0 un tribunal de Londres.<\/p>\n<p class=\"fig-paragraph\">Mostafa Sepahvand, 39 ans, Farhad Javadi Manesh, 44 ans et Shapoor Qalehali Khani Noori, 55 ans, r\u00e9sidaient tous dans la capitale britannique. Ils ont \u00e9t\u00e9 interpell\u00e9s puis d\u00e9tenus depuis deux semaines en vertu de la loi de 2023 sur la s\u00e9curit\u00e9 nationale, qui permet \u00e0 la police d\u2019arr\u00eater des personnes soup\u00e7onn\u00e9es d\u2019\u00eatre impliqu\u00e9es \u00abdans une activit\u00e9 de menace \u00e9manant d\u2019une puissance \u00e9trang\u00e8re\u00bb.<\/p>\n<p>La surveillance de l\u2019Iran renforc\u00e9e par le Royaume-Uni<\/p>\n<p class=\"fig-paragraph\">Mostafa Sepahvand a \u00e9galement \u00e9t\u00e9 inculp\u00e9 pour des actes de surveillance, de recherche ou de reconnaissance \u00abdans l\u2019intention de commettre des actes de violence grave contre une personne au Royaume-Uni\u00bb, a indiqu\u00e9 la police, sans donner plus de d\u00e9tails. Farhad Javadi Manesh et Shapoor Qalehali Khani Noori, eux, sont inculp\u00e9s pour avoir commis des actes similaires, \u00abdans le but que des violences graves soient commises par d\u2019autres contre une personne au Royaume-Uni\u00bb, a-t-elle ajout\u00e9.<\/p>\n<p class=\"fig-paragraph\">Un quatri\u00e8me Iranien de 31 ans avait \u00e9t\u00e9 arr\u00eat\u00e9 le 9 mai, avant d\u2019\u00eatre rel\u00e2ch\u00e9 sans poursuites jeudi. Londres a annonc\u00e9 d\u00e9but mars placer l\u2019Iran, ses services de renseignement et les Gardiens de la R\u00e9volution au niveau le plus \u00e9lev\u00e9 du Foreign Influence Registration Scheme (FIRS), qui entend lutter contre \u00ables influences \u00e9trang\u00e8res secr\u00e8tes\u00bb.<\/p>\n","protected":false},"excerpt":{"rendered":"Les trois hommes, arr\u00eat\u00e9s le 3 mai, sont pr\u00e9sent\u00e9s samedi \u00e0 un tribunal de Londres. Ils font l\u2019objet&hellip;\n","protected":false},"author":2,"featured_media":108341,"comment_status":"","ping_status":"","sticky":false,"template":"","format":"standard","meta":{"footnotes":""},"categories":[1588],"tags":[259,11,260,18860,1777,674,14,3019,261,12,262,473,1853,1851,1850,1852],"class_list":{"0":"post-108340","1":"post","2":"type-post","3":"status-publish","4":"format-standard","5":"has-post-thumbnail","7":"category-royaume-uni","8":"tag-actualite-internationale","9":"tag-actualites","10":"tag-affaires-etrangeres","11":"tag-espions","12":"tag-eu","13":"tag-europe","14":"tag-international","15":"tag-iran","16":"tag-ministere-des-affaires-etrangeres","17":"tag-news","18":"tag-politique-etrangere","19":"tag-royaume-uni","20":"tag-royaume-uni-de-grande-bretagne-et-dirlande-du-nord","21":"tag-uk","22":"tag-united-kingdom","23":"tag-united-kingdom-of-great-britain-and-northern-ireland"},"share_on_mastodon":{"url":"https:\/\/pubeurope.com\/@fr\/114526484130108323","error":""},"_links":{"self":[{"href":"https:\/\/www.europesays.com\/fr\/wp-json\/wp\/v2\/posts\/108340","targetHints":{"allow":["GET"]}}],"collection":[{"href":"https:\/\/www.europesays.com\/fr\/wp-json\/wp\/v2\/posts"}],"about":[{"href":"https:\/\/www.europesays.com\/fr\/wp-json\/wp\/v2\/types\/post"}],"author":[{"embeddable":true,"href":"https:\/\/www.europesays.com\/fr\/wp-json\/wp\/v2\/users\/2"}],"replies":[{"embeddable":true,"href":"https:\/\/www.europesays.com\/fr\/wp-json\/wp\/v2\/comments?post=108340"}],"version-history":[{"count":0,"href":"https:\/\/www.europesays.com\/fr\/wp-json\/wp\/v2\/posts\/108340\/revisions"}],"wp:featuredmedia":[{"embeddable":true,"href":"https:\/\/www.europesays.com\/fr\/wp-json\/wp\/v2\/media\/108341"}],"wp:attachment":[{"href":"https:\/\/www.europesays.com\/fr\/wp-json\/wp\/v2\/media?parent=108340"}],"wp:term":[{"taxonomy":"category","embeddable":true,"href":"https:\/\/www.europesays.com\/fr\/wp-json\/wp\/v2\/categories?post=108340"},{"taxonomy":"post_tag","embeddable":true,"href":"https:\/\/www.europesays.com\/fr\/wp-json\/wp\/v2\/tags?post=108340"}],"curies":[{"name":"wp","href":"https:\/\/api.w.org\/{rel}","templated":true}]}}