{"id":108358,"date":"2025-05-18T02:41:15","date_gmt":"2025-05-18T02:41:15","guid":{"rendered":"https:\/\/www.europesays.com\/fr\/108358\/"},"modified":"2025-05-18T02:41:15","modified_gmt":"2025-05-18T02:41:15","slug":"marquez-remporte-le-gp-dargentine","status":"publish","type":"post","link":"https:\/\/www.europesays.com\/fr\/108358\/","title":{"rendered":"Marquez remporte le GP d&rsquo;Argentine"},"content":{"rendered":"<p>L\u2019Espagnol Marc Marquez (Ducati) a remport\u00e9 le Grand Prix d\u2019Argentine de MotoGP, deuxi\u00e8me manche sur 22 de la saison, dimanche sur le circuit de Termas de Rio Hondo.<\/p>\n<p class=\"fig-paragraph\">Au lendemain de son succ\u00e8s lors de la course sprint, le sextuple champion du monde a r\u00e9cidiv\u00e9 et r\u00e9alis\u00e9 un nouveau doubl\u00e9, deux semaines apr\u00e8s ses deux victoires lors de l&rsquo;\u00e9tape inaugurale de la saison en Tha\u00eflande.<\/p>\n<p class=\"fig-paragraph\">Comme lors de ses pr\u00e9c\u00e9dents succ\u00e8s cette saison, Marc Marquez a devanc\u00e9 son petit fr\u00e8re Alex (Ducati-Gresini), alors que l&rsquo;Italien Franco Morbidelli (Ducati-VR46) s&rsquo;est invit\u00e9 sur la troisi\u00e8me marche du podium devant son compatriote Francesco Bagnaia (Ducati).<\/p>\n<p class=\"fig-paragraph\">Un autre Italien, Fabio Di Giannantonio (Ducati-VR46), a pris la cinqui\u00e8me place apr\u00e8s avoir d\u00e9pass\u00e9 Johann Zarco (Honda-LCR) dans le dernier tour. Le Fran\u00e7ais, quatri\u00e8me du sprint samedi, obtient tout de m\u00eame son meilleur r\u00e9sultat en Grand Prix avec la marque japonaise.<\/p>\n<p class=\"fig-paragraph\">L&rsquo;autre Fran\u00e7ais de la grille, Fabio Quartararo (Yamaha) a vu ses espoirs d&rsquo;obtenir un bon r\u00e9sultat s&rsquo;envoler d\u00e8s le premier virage apr\u00e8s avoir \u00e9t\u00e9 percut\u00e9 par Marco Bezzecchi (Aprilia). Le Ni\u00e7ois a finalement termin\u00e9 15e.<\/p>\n","protected":false},"excerpt":{"rendered":"L\u2019Espagnol Marc Marquez (Ducati) a remport\u00e9 le Grand Prix d\u2019Argentine de MotoGP, deuxi\u00e8me manche sur 22 de la&hellip;\n","protected":false},"author":2,"featured_media":108359,"comment_status":"","ping_status":"","sticky":false,"template":"","format":"standard","meta":{"footnotes":""},"categories":[1413],"tags":[7589,7590,6715,1976,525,7592,1981,1979,4266,1011,27,7591,1982,4922,1461,1457,6033,1456,1458,1978,1980,60,4921],"class_list":{"0":"post-108358","1":"post","2":"type-post","3":"status-publish","4":"format-standard","5":"has-post-thumbnail","7":"category-moto","8":"tag-125cc","9":"tag-250cc","10":"tag-argentine","11":"tag-auto-moto","12":"tag-calendrier","13":"tag-circuits","14":"tag-classement","15":"tag-constructeurs","16":"tag-ducati","17":"tag-fr","18":"tag-france","19":"tag-gp","20":"tag-grand-prix","21":"tag-honda","22":"tag-marc-marquez","23":"tag-moto","24":"tag-moto-gp","25":"tag-motocycle","26":"tag-motogp","27":"tag-pilotes","28":"tag-resultats","29":"tag-sports","30":"tag-yamaha"},"share_on_mastodon":{"url":"https:\/\/pubeurope.com\/@fr\/114526531356298847","error":""},"_links":{"self":[{"href":"https:\/\/www.europesays.com\/fr\/wp-json\/wp\/v2\/posts\/108358","targetHints":{"allow":["GET"]}}],"collection":[{"href":"https:\/\/www.europesays.com\/fr\/wp-json\/wp\/v2\/posts"}],"about":[{"href":"https:\/\/www.europesays.com\/fr\/wp-json\/wp\/v2\/types\/post"}],"author":[{"embeddable":true,"href":"https:\/\/www.europesays.com\/fr\/wp-json\/wp\/v2\/users\/2"}],"replies":[{"embeddable":true,"href":"https:\/\/www.europesays.com\/fr\/wp-json\/wp\/v2\/comments?post=108358"}],"version-history":[{"count":0,"href":"https:\/\/www.europesays.com\/fr\/wp-json\/wp\/v2\/posts\/108358\/revisions"}],"wp:featuredmedia":[{"embeddable":true,"href":"https:\/\/www.europesays.com\/fr\/wp-json\/wp\/v2\/media\/108359"}],"wp:attachment":[{"href":"https:\/\/www.europesays.com\/fr\/wp-json\/wp\/v2\/media?parent=108358"}],"wp:term":[{"taxonomy":"category","embeddable":true,"href":"https:\/\/www.europesays.com\/fr\/wp-json\/wp\/v2\/categories?post=108358"},{"taxonomy":"post_tag","embeddable":true,"href":"https:\/\/www.europesays.com\/fr\/wp-json\/wp\/v2\/tags?post=108358"}],"curies":[{"name":"wp","href":"https:\/\/api.w.org\/{rel}","templated":true}]}}