{"id":1083677,"date":"2026-07-23T18:47:18","date_gmt":"2026-07-23T18:47:18","guid":{"rendered":"https:\/\/www.europesays.com\/fr\/1083677\/"},"modified":"2026-07-23T18:47:18","modified_gmt":"2026-07-23T18:47:18","slug":"saint-etienne-le-laus-laurent-guillaume-nouvel-employe-communal","status":"publish","type":"post","link":"https:\/\/www.europesays.com\/fr\/1083677\/","title":{"rendered":"Saint-\u00c9tienne-le-Laus. Laurent Guillaume, nouvel employ\u00e9 communal"},"content":{"rendered":"<p>La mairie de Saint-\u00c9tienne-le-Laus est heureuse d\u2019annoncer l\u2019arriv\u00e9e de Laurent Guillaume, qui prend ses fonctions d\u2019agent polyvalent des services techniques \u00e0 compter de la mi-juillet.<\/p>\n<p>Fort de son exp\u00e9rience d\u2019artisan menuisier et charpentier, ancien chauffeur de bus \u00e0 la mairie de Pi\u00e9gut, il rejoint l\u2019\u00e9quipe des employ\u00e9s communaux pour mettre ses comp\u00e9tences au service de la commune.<\/p>\n","protected":false},"excerpt":{"rendered":"La mairie de Saint-\u00c9tienne-le-Laus est heureuse d\u2019annoncer l\u2019arriv\u00e9e de Laurent Guillaume, qui prend ses fonctions d\u2019agent polyvalent des&hellip;\n","protected":false},"author":2,"featured_media":1083678,"comment_status":"","ping_status":"","sticky":false,"template":"","format":"standard","meta":{"footnotes":"","_share_on_mastodon":"0"},"categories":[9653],"tags":[1111,11,2430,1984,4521,1777,674,1011,27,38800,12,316,25,4001,38799],"class_list":["post-1083677","post","type-post","status-publish","format-standard","has-post-thumbnail","category-saint-etienne","tag-actu","tag-actualites","tag-auvergne-rhone-alpes","tag-conseil-municipal","tag-edition-hautes-alpes-alpes-de-haute-provence","tag-eu","tag-europe","tag-fr","tag-france","tag-gapencais","tag-news","tag-politique","tag-republique-francaise","tag-saint-etienne","tag-saint-etienne-le-laus"],"share_on_mastodon":{"url":"","error":""},"_links":{"self":[{"href":"https:\/\/www.europesays.com\/fr\/wp-json\/wp\/v2\/posts\/1083677","targetHints":{"allow":["GET"]}}],"collection":[{"href":"https:\/\/www.europesays.com\/fr\/wp-json\/wp\/v2\/posts"}],"about":[{"href":"https:\/\/www.europesays.com\/fr\/wp-json\/wp\/v2\/types\/post"}],"author":[{"embeddable":true,"href":"https:\/\/www.europesays.com\/fr\/wp-json\/wp\/v2\/users\/2"}],"replies":[{"embeddable":true,"href":"https:\/\/www.europesays.com\/fr\/wp-json\/wp\/v2\/comments?post=1083677"}],"version-history":[{"count":0,"href":"https:\/\/www.europesays.com\/fr\/wp-json\/wp\/v2\/posts\/1083677\/revisions"}],"wp:featuredmedia":[{"embeddable":true,"href":"https:\/\/www.europesays.com\/fr\/wp-json\/wp\/v2\/media\/1083678"}],"wp:attachment":[{"href":"https:\/\/www.europesays.com\/fr\/wp-json\/wp\/v2\/media?parent=1083677"}],"wp:term":[{"taxonomy":"category","embeddable":true,"href":"https:\/\/www.europesays.com\/fr\/wp-json\/wp\/v2\/categories?post=1083677"},{"taxonomy":"post_tag","embeddable":true,"href":"https:\/\/www.europesays.com\/fr\/wp-json\/wp\/v2\/tags?post=1083677"}],"curies":[{"name":"wp","href":"https:\/\/api.w.org\/{rel}","templated":true}]}}