{"id":108370,"date":"2025-05-18T02:48:12","date_gmt":"2025-05-18T02:48:12","guid":{"rendered":"https:\/\/www.europesays.com\/fr\/108370\/"},"modified":"2025-05-18T02:48:12","modified_gmt":"2025-05-18T02:48:12","slug":"ancien-candidat-de-the-voice-ce-chanteur-bigouden-se-lance-le-defi-de-creer-un-single-par-mois","status":"publish","type":"post","link":"https:\/\/www.europesays.com\/fr\/108370\/","title":{"rendered":"Ancien candidat de \u00ab\u00a0The Voice\u00a0\u00bb, ce chanteur bigouden se lance le d\u00e9fi de\u00a0cr\u00e9er un single par mois"},"content":{"rendered":"<p>Quels souvenirs gardez-vous de votre participation \u00e0 l\u2019\u00e9mission \u00ab\u00a0The Voice\u00a0\u00bb en 2017\u00a0?<\/p>\n<p>\u00ab\u00a0L\u2019exp\u00e9rience \u00e9tait vraiment cool. On ne vit \u00e7a qu\u2019une fois et j\u2019ai eu une chance incroyable d\u2019y participer. Je n\u2019attendais rien de particulier et je n\u2019ai \u00e9t\u00e9 d\u00e9\u00e7u de rien, j\u2019ai pris tout ce qu\u2019il y avait \u00e0 prendre. Participer \u00e0 \u201cThe Voice\u201d m\u2019a permis d\u2019avoir une exposition instantan\u00e9e et de faire d\u00e9couvrir ma musique. Au niveau local, c\u2019\u00e9tait super sympa car <a href=\"https:\/\/www.letelegramme.fr\/videos\/the-voice-alexandre-sookia-sans-fard-56316.php\" target=\"_blank\" rel=\"noopener\">j\u2019\u00e9tais suivi par la presse locale<\/a> et pu faire des concerts dans le coin. Finalement, \u00e7a a facilit\u00e9 plein de choses. \u00c0 c\u00f4t\u00e9 de \u00e7a, j\u2019ai eu des contacts professionnels dans le milieu musical que j\u2019essaye d\u00e9sormais de remettre en route avec mon nouveau projet.\u00a0\u00bb<\/p>\n<p>Justement, pourquoi avez-vous d\u00e9cid\u00e9 de revenir sur le devant de la sc\u00e8ne, avec un nouveau projet en fran\u00e7ais\u00a0?<\/p>\n<p>\u00ab\u00a0Avant de faire \u201cThe Voice\u201d, je faisais d\u00e9j\u00e0 de la musique pour des films et s\u00e9ries en composant des bandes originales, uniquement en anglais. Je n\u2019avais jamais r\u00e9ussi \u00e0 \u00e9crire en fran\u00e7ais. Il y a environ un an et demi, j\u2019ai eu le d\u00e9clic en regardant un concert de Benjamin Biolay. J\u2019ai trouv\u00e9 g\u00e9nial sa fa\u00e7on d\u2019utiliser les mots. Je me suis dit que je pouvais faire quelque chose de cool, moi aussi, en fran\u00e7ais, sans pour autant changer mon style.\u00a0\u00bb<\/p>\n<blockquote><p>Pourquoi pas regrouper tout cela sous forme d\u2019album ou d\u2019EP, en pr\u00e9sentant le projet aupr\u00e8s de professionnels, puis en d\u00e9marchant des festivals l\u2019an prochain.<\/p><\/blockquote>\n<p>Vous vous lancez le d\u00e9fi de faire un single par mois. Pourquoi ce choix\u00a0?<\/p>\n<p>\u00ab\u00a0Quand j\u2019ai commenc\u00e9 mes chansons en fran\u00e7ais, j\u2019ai eu de tr\u00e8s bons retours de la part de mes proches. Je me suis donc dit qu\u2019il fallait que je continue \u00e0 fond. Et quitte \u00e0 le faire, autant que j\u2019essaye de sortir un single par mois. Pour l\u2019instant, j\u2019ai d\u00e9j\u00e0 propos\u00e9 deux morceaux. Un troisi\u00e8me arrivera le 23 mai prochain. Je vais ensuite encha\u00eener en juin, juillet, ao\u00fbt et septembre. En fonction des opportunit\u00e9s, pourquoi pas regrouper tout cela sous forme d\u2019album ou d\u2019EP, en pr\u00e9sentant le projet aupr\u00e8s de professionnels, puis en d\u00e9marchant des festivals l\u2019an prochain.\u00a0\u00bb<\/p>\n<\/p>\n<p>Avez-vous des dates de pr\u00e9vues\u00a0?<\/p>\n<p>\u00ab\u00a0L\u2019id\u00e9e est de venir sur des petites sc\u00e8nes du coin, et notamment dans le Pays bigouden, pour tester des morceaux et aller \u00e0 la rencontre des gens. C\u2019est avant tout pour \u00e7a que je fais de la musique\u00a0!\u00a0\u00bb<\/p>\n<p>Que racontez-vous dans vos chansons\u00a0?<\/p>\n<p>\u00ab\u00a0Je m\u2019inspire de ma vie, des relations amoureuses, des ruptures\u2026 Je pars toujours d\u2019une part de v\u00e9rit\u00e9 que j\u2019essaye de tourner de fa\u00e7on un peu plus po\u00e9tique et cin\u00e9matographique. Si une personne, qui \u00e9coute ma musique, ferme les yeux et qu\u2019elle est transport\u00e9e quelque part ou est ramen\u00e9e \u00e0 des souvenirs, alors j\u2019ai tout gagn\u00e9.\u00a0\u00bb<\/p>\n<p>O\u00f9 peut-on retrouver vos premiers morceaux\u00a0?<\/p>\n<p>\u00ab\u00a0Ils sont disponibles sur toutes les plateformes audio classiques. On peut \u00e9galement les retrouver sur YouTube, avec un petit clip que je r\u00e9alise \u00e0 chaque fois.\u00a0\u00bb<\/p>\n","protected":false},"excerpt":{"rendered":"Quels souvenirs gardez-vous de votre participation \u00e0 l\u2019\u00e9mission \u00ab\u00a0The Voice\u00a0\u00bb en 2017\u00a0? \u00ab\u00a0L\u2019exp\u00e9rience \u00e9tait vraiment cool. On ne&hellip;\n","protected":false},"author":2,"featured_media":108371,"comment_status":"","ping_status":"","sticky":false,"template":"","format":"standard","meta":{"footnotes":""},"categories":[1356],"tags":[251,872,58,59,3321,1011,27,500,873,22629,3323,252,1364],"class_list":{"0":"post-108370","1":"post","2":"type-post","3":"status-publish","4":"format-standard","5":"has-post-thumbnail","7":"category-television","8":"tag-culture","9":"tag-culture-et-loisirs","10":"tag-divertissement","11":"tag-entertainment","12":"tag-finistere","13":"tag-fr","14":"tag-france","15":"tag-medias","16":"tag-musique","17":"tag-penmarch","18":"tag-pont-labbe","19":"tag-television","20":"tag-tv"},"share_on_mastodon":{"url":"https:\/\/pubeurope.com\/@fr\/114526558854371925","error":""},"_links":{"self":[{"href":"https:\/\/www.europesays.com\/fr\/wp-json\/wp\/v2\/posts\/108370","targetHints":{"allow":["GET"]}}],"collection":[{"href":"https:\/\/www.europesays.com\/fr\/wp-json\/wp\/v2\/posts"}],"about":[{"href":"https:\/\/www.europesays.com\/fr\/wp-json\/wp\/v2\/types\/post"}],"author":[{"embeddable":true,"href":"https:\/\/www.europesays.com\/fr\/wp-json\/wp\/v2\/users\/2"}],"replies":[{"embeddable":true,"href":"https:\/\/www.europesays.com\/fr\/wp-json\/wp\/v2\/comments?post=108370"}],"version-history":[{"count":0,"href":"https:\/\/www.europesays.com\/fr\/wp-json\/wp\/v2\/posts\/108370\/revisions"}],"wp:featuredmedia":[{"embeddable":true,"href":"https:\/\/www.europesays.com\/fr\/wp-json\/wp\/v2\/media\/108371"}],"wp:attachment":[{"href":"https:\/\/www.europesays.com\/fr\/wp-json\/wp\/v2\/media?parent=108370"}],"wp:term":[{"taxonomy":"category","embeddable":true,"href":"https:\/\/www.europesays.com\/fr\/wp-json\/wp\/v2\/categories?post=108370"},{"taxonomy":"post_tag","embeddable":true,"href":"https:\/\/www.europesays.com\/fr\/wp-json\/wp\/v2\/tags?post=108370"}],"curies":[{"name":"wp","href":"https:\/\/api.w.org\/{rel}","templated":true}]}}