{"id":1083748,"date":"2026-07-23T19:30:21","date_gmt":"2026-07-23T19:30:21","guid":{"rendered":"https:\/\/www.europesays.com\/fr\/1083748\/"},"modified":"2026-07-23T19:30:21","modified_gmt":"2026-07-23T19:30:21","slug":"royaume-uni-la-cabale-anti-farage-sintensifie","status":"publish","type":"post","link":"https:\/\/www.europesays.com\/fr\/1083748\/","title":{"rendered":"Royaume-Uni : la cabale anti-Farage s&rsquo;intensifie"},"content":{"rendered":"<p>                                            Monde\n                                                                            <\/p>\n<p>\n                                            Au sommet de sa popularit\u00e9, Nigel Farage est affaibli par des manquements suppos\u00e9s aux r\u00e8gles parlementaires. En r\u00e9ponse, le chef de Reform UK a provoqu\u00e9 une \u00e9lection partielle dans son fief. En esp\u00e9rant un pl\u00e9biscite.                                        <\/p>\n<p>                                                Publi\u00e9 le 23 juillet 2026 \u00e0 20h00                                                                                            <\/p>\n<p>                                            <img loading=\"lazy\" width=\"1024\" height=\"668\" src=\"https:\/\/www.europesays.com\/fr\/wp-content\/uploads\/2026\/07\/2009_document-1.jpg\" class=\"attachment-post-thumbnail size-post-thumbnail wp-post-image\" alt=\"Nigel Farage monte sur sc\u00e8ne lors d'un meeting du parti Reform UK au NEC de Birmingham. Photo \u00a9 Jacob King\/PA Wire\" decoding=\"async\"  \/><\/p>\n<p>                                            Nigel Farage monte sur sc\u00e8ne lors d\u2019un meeting du parti Reform UK au NEC de Birmingham. Photo \u00a9 Jacob King\/PA Wire<\/p>\n<p>Ce 7 juillet, \u00e0 14 heures, dans la Millbank Tower, cette tour bien connue du quartier de Westminster, <a href=\"https:\/\/www.valeursactuelles.com\/clubvaleurs\/monde\/quest-ce-que-restore-britain-le-nouveau-parti-nationaliste-qui-fait-de-lombre-a-nigel-farage\" rel=\"nofollow noopener\" target=\"_blank\">Nigel Farage<\/a> convoque la presse toutes affaires cessantes. Il annonce sa d\u00e9mission de son mandat de d\u00e9put\u00e9 de Clacton-on-Sea, sa circonscription situ\u00e9e dans l\u2019Essex, (sud-est de l\u2019Angleterre), et une nouvelle \u00e9lection le 13 ao\u00fbt prochain. Alors que son parti revendique le premier effectif de militants, que depuis un an il domine les sondages des intentions de vote dans la perspective des l\u00e9gislatives pr\u00e9vues en 2029 et que, aux \u00e9lections locales en mai, il a inflig\u00e9 aux travaillistes et aux Tories (conservateurs) une d\u00e9route historique qui a emport\u00e9 <a href=\"https:\/\/www.valeursactuelles.com\/clubvaleurs\/monde\/le-crepuscule-de-keir-starmer\" rel=\"nofollow noopener\" target=\"_blank\">Keir Starmer<\/a>, le Premier ministre travailliste d\u00e9missionnaire, voil\u00e0 son champion, l\u2019architecte du Brexit, somm\u00e9 de r\u00e9pondre \u00e0 deux \u201caffaires\u201d anciennes qui viennent de ressurgir.<\/p>\n<p><a href=\"https:\/\/www.valeursactuelles.com\/clubvaleurs\/monde\/le-royaume-uni-a-gagne-la-bataille-de-la-souverainete-mais-peine-a-engager-celle-de-lidentite-limmigration-lepine-du-brexit\" class=\"h-flex h-align-items-center h-border-tb h-ptb-15\" rel=\"nofollow noopener\" target=\"_blank\">A\u00a0LIRE\u00a0\u00ab\u00a0Le Royaume-Uni a gagn\u00e9 la bataille de la souverainet\u00e9, mais peine \u00e0 engager celle de l\u2019identit\u00e9\u00a0\u00bb : l\u2019immigration, l\u2019\u00e9pine du Brexit<\/a><\/p>\n<p>La premi\u00e8re concerne un don de 5 millions de livres sterling (pr\u00e8s de 5,9 millions d\u2019euros) que lui a consenti \u00e0 titre personnel au d\u00e9but de 2024 le milliardaire des cryptomonnaies, Christopher Harborne, et jamais d\u00e9clar\u00e9 du Parlement. La seconde revient sur un soutien de longue date, George Cottrell, 32 ans, ce rejeton de l\u2019aristocratie britannique condamn\u00e9 aux \u00c9tats-Unis en 2017 \u00e0 huit mois de prison pour fraude \u00e9lectronique.<\/p>\n<p>Dans l\u2019ann\u00e9e pr\u00e9c\u00e9dant l\u2019\u00e9lection de Nigel Farage, en juillet 2024, comme d\u00e9put\u00e9, George Cottrell aurait financ\u00e9 sa s\u00e9curit\u00e9 rapproch\u00e9e et ses chauffeurs, recrut\u00e9 et r\u00e9mun\u00e9r\u00e9 trois collaborateurs charg\u00e9s de ses r\u00e9seaux sociaux, et mis \u00e0 sa disposition un h\u00f4tel particulier. Or, Farage, \u00e0 son entr\u00e9e \u00e0 la Chambre des communes, n\u2019aurait signal\u00e9 qu\u2019un seul avantage offert par Cottrell: 9253 livres sterling (environ 11000 euros) de billets d\u2019avion pour une conf\u00e9rence en Belgique, au mois d\u2019avril 2024. Aucune infraction p\u00e9nale n\u2019est reproch\u00e9e au chef de Reform UK, pr\u00e9cise le grand quotidien du centre gauche The Guardian.<\/p>\n<p>                                                Cet article est r\u00e9serv\u00e9 aux abonn\u00e9s<\/p>\n<p class=\"va-paywall__description\">En vous abonnant, acc\u00e9dez \u00e0 nos contenus premium en illimit\u00e9.<\/p>\n","protected":false},"excerpt":{"rendered":"Monde Au sommet de sa popularit\u00e9, Nigel Farage est affaibli par des manquements suppos\u00e9s aux r\u00e8gles parlementaires. En&hellip;\n","protected":false},"author":2,"featured_media":1083749,"comment_status":"","ping_status":"","sticky":false,"template":"","format":"standard","meta":{"footnotes":"","_share_on_mastodon":"0"},"categories":[1588],"tags":[11,1777,674,12,10669,473,1853,1851,1850,1852],"class_list":["post-1083748","post","type-post","status-publish","format-standard","has-post-thumbnail","category-royaume-uni","tag-actualites","tag-eu","tag-europe","tag-news","tag-nigel-farage","tag-royaume-uni","tag-royaume-uni-de-grande-bretagne-et-dirlande-du-nord","tag-uk","tag-united-kingdom","tag-united-kingdom-of-great-britain-and-northern-ireland"],"share_on_mastodon":{"url":"https:\/\/pubeurope.com\/@fr\/116970956168047781","error":""},"_links":{"self":[{"href":"https:\/\/www.europesays.com\/fr\/wp-json\/wp\/v2\/posts\/1083748","targetHints":{"allow":["GET"]}}],"collection":[{"href":"https:\/\/www.europesays.com\/fr\/wp-json\/wp\/v2\/posts"}],"about":[{"href":"https:\/\/www.europesays.com\/fr\/wp-json\/wp\/v2\/types\/post"}],"author":[{"embeddable":true,"href":"https:\/\/www.europesays.com\/fr\/wp-json\/wp\/v2\/users\/2"}],"replies":[{"embeddable":true,"href":"https:\/\/www.europesays.com\/fr\/wp-json\/wp\/v2\/comments?post=1083748"}],"version-history":[{"count":0,"href":"https:\/\/www.europesays.com\/fr\/wp-json\/wp\/v2\/posts\/1083748\/revisions"}],"wp:featuredmedia":[{"embeddable":true,"href":"https:\/\/www.europesays.com\/fr\/wp-json\/wp\/v2\/media\/1083749"}],"wp:attachment":[{"href":"https:\/\/www.europesays.com\/fr\/wp-json\/wp\/v2\/media?parent=1083748"}],"wp:term":[{"taxonomy":"category","embeddable":true,"href":"https:\/\/www.europesays.com\/fr\/wp-json\/wp\/v2\/categories?post=1083748"},{"taxonomy":"post_tag","embeddable":true,"href":"https:\/\/www.europesays.com\/fr\/wp-json\/wp\/v2\/tags?post=1083748"}],"curies":[{"name":"wp","href":"https:\/\/api.w.org\/{rel}","templated":true}]}}