{"id":108376,"date":"2025-05-18T02:52:09","date_gmt":"2025-05-18T02:52:09","guid":{"rendered":"https:\/\/www.europesays.com\/fr\/108376\/"},"modified":"2025-05-18T02:52:09","modified_gmt":"2025-05-18T02:52:09","slug":"le-message-rassembleur-de-marquinhos-avant-la-finale-du-psg","status":"publish","type":"post","link":"https:\/\/www.europesays.com\/fr\/108376\/","title":{"rendered":"Le message rassembleur de Marquinhos avant la finale du PSG"},"content":{"rendered":"<p><img width=\"700\" height=\"350\" src=\"https:\/\/www.europesays.com\/fr\/wp-content\/uploads\/2025\/05\/1747536729_366_Marquinhos.jpg\" class=\"attachment-jannah-image-post size-jannah-image-post wp-post-image\" alt=\"Marquinhos\" is_main_img=\"1\" decoding=\"async\" fetchpriority=\"high\"  \/><br \/>\n Image :<br \/>\npsg.fr<\/p>\n<p>Le PSG peut r\u00e9aliser un quadrupl\u00e9 historique lors de ces<br \/>\ndeux prochaines semaines et pour cela aura besoin de ses<br \/>\nsupporters, comme le rappelle Marquinhos.<\/p>\n<p>C\u2019\u00e9tait soir de f\u00eate au <strong>Parc des Princes<\/strong> ! Les<br \/>\nParisiens ont c\u00e9l\u00e9br\u00e9 leur <a href=\"https:\/\/canal-supporters.com\/psg-aja-paris-termine-en-beaute-la-saison-en-ligue-1\/\" title=\"\" rel=\"nofollow noopener\" target=\"_blank\">26\u00e8me victoire de la saison en championnat avec son<br \/>\npublic<\/a> et surtout avec le nouveau troph\u00e9e de la Ligue 1. Apr\u00e8s<br \/>\nune belle c\u00e9l\u00e9bration au terme d\u2019une c\u00e9r\u00e9monie grandiose, les<br \/>\njoueurs Rouge &amp; Bleu ont effectu\u00e9 leur habituel tour d\u2019honneur et<br \/>\nont chant\u00e9 avec le virage Auteuil. Le moment choisi par Marquinhos<br \/>\npour tenir un discours rassembleur.<\/p>\n<p>\u00ab\u00a0On a besoin de vous<br \/>\n!!\u00a0\u00bb<\/p>\n<p>Apr\u00e8s avoir entonn\u00e9 avec tout le Parc son fameux \u00ab\u00a0Champion<br \/>\nmon fr\u00e8re\u00a0\u00bb, l\u2019international br\u00e9silien a demand\u00e9 au public<br \/>\n<a href=\"https:\/\/x.com\/CanalSupporters\/status\/1923864294069772775\" title=\"\" rel=\"nofollow\">d\u2019interrompre les chants pour le laisser s\u2019exprimer<\/a> et<br \/>\nce dernier a tenu \u00e0 appeler \u00e0 l\u2019union sacr\u00e9e pour les deux<br \/>\nprochaines finales \u00e0 venir avec l\u2019objectif clair de tout rafler<br \/>\n!<\/p>\n<blockquote class=\"wp-block-quote is-layout-flow wp-block-quote-is-layout-flow\">\n<p>\u00ab\u00a0\u00c7a c\u2019est fait\u2026 maintenant il nous reste 2 finales \u00e0<br \/>\naller chercher les gars ! 2 FINALES ! On y va tous ensemble ! ON A<br \/>\nBESOIN DE VOUS !!\u00a0\u00bb<\/p>\n<\/blockquote>\n","protected":false},"excerpt":{"rendered":"Image : psg.fr Le PSG peut r\u00e9aliser un quadrupl\u00e9 historique lors de ces deux prochaines semaines et pour&hellip;\n","protected":false},"author":2,"featured_media":108377,"comment_status":"","ping_status":"","sticky":false,"template":"","format":"standard","meta":{"footnotes":""},"categories":[9],"tags":[1011,27,66,791,626,91,92,93,20357,22625,22630,60,96],"class_list":{"0":"post-108376","1":"post","2":"type-post","3":"status-publish","4":"format-standard","5":"has-post-thumbnail","7":"category-sports","8":"tag-fr","9":"tag-france","10":"tag-ligue-1","11":"tag-marquinhos","12":"tag-paris","13":"tag-paris-saint-germain","14":"tag-paris-sg","15":"tag-psg","16":"tag-psg-inter","17":"tag-psg-aja","18":"tag-psg-reims","19":"tag-sports","20":"tag-une"},"share_on_mastodon":{"url":"https:\/\/pubeurope.com\/@fr\/114526574612968173","error":""},"_links":{"self":[{"href":"https:\/\/www.europesays.com\/fr\/wp-json\/wp\/v2\/posts\/108376","targetHints":{"allow":["GET"]}}],"collection":[{"href":"https:\/\/www.europesays.com\/fr\/wp-json\/wp\/v2\/posts"}],"about":[{"href":"https:\/\/www.europesays.com\/fr\/wp-json\/wp\/v2\/types\/post"}],"author":[{"embeddable":true,"href":"https:\/\/www.europesays.com\/fr\/wp-json\/wp\/v2\/users\/2"}],"replies":[{"embeddable":true,"href":"https:\/\/www.europesays.com\/fr\/wp-json\/wp\/v2\/comments?post=108376"}],"version-history":[{"count":0,"href":"https:\/\/www.europesays.com\/fr\/wp-json\/wp\/v2\/posts\/108376\/revisions"}],"wp:featuredmedia":[{"embeddable":true,"href":"https:\/\/www.europesays.com\/fr\/wp-json\/wp\/v2\/media\/108377"}],"wp:attachment":[{"href":"https:\/\/www.europesays.com\/fr\/wp-json\/wp\/v2\/media?parent=108376"}],"wp:term":[{"taxonomy":"category","embeddable":true,"href":"https:\/\/www.europesays.com\/fr\/wp-json\/wp\/v2\/categories?post=108376"},{"taxonomy":"post_tag","embeddable":true,"href":"https:\/\/www.europesays.com\/fr\/wp-json\/wp\/v2\/tags?post=108376"}],"curies":[{"name":"wp","href":"https:\/\/api.w.org\/{rel}","templated":true}]}}