{"id":108389,"date":"2025-05-18T03:00:26","date_gmt":"2025-05-18T03:00:26","guid":{"rendered":"https:\/\/www.europesays.com\/fr\/108389\/"},"modified":"2025-05-18T03:00:26","modified_gmt":"2025-05-18T03:00:26","slug":"saint-etienne-un-tour-et-puis-sen-va","status":"publish","type":"post","link":"https:\/\/www.europesays.com\/fr\/108389\/","title":{"rendered":"Saint-Etienne, un tour et puis s&rsquo;en va"},"content":{"rendered":"<p>Battue par Toulouse (3-2) samedi, l&rsquo;AS Saint-\u00c9tienne est rel\u00e9gu\u00e9e en Ligue 2 un an seulement apr\u00e8s avoir arrach\u00e9 son retour en Ligue 1, \u00e9pilogue d&rsquo;une saison rat\u00e9e malgr\u00e9 le rachat du club en juin dernier par le groupe canadien Kilmer Sports Venture.<\/p>\n<p>Il n&rsquo;a fallu que 15 minutes pour doucher les espoirs de Geoffroy-Guichard. Handicap\u00e9 par une d\u00e9fense friable, un mal trop r\u00e9current cette saison, les Verts ont encaiss\u00e9 deux buts rapides synonymes de 17e place et de Ligue 2. Florian Tardieu a r\u00e9veill\u00e9 le Chaudron d&rsquo;une reprise de vol\u00e9e \u00e0 la 38e minute et le gardien Gauthier Larsonneur a maintenu ses partenaires dans le match, en vain.<\/p>\n<p>L&rsquo;ASSE n&rsquo;a plus qu&rsquo;un vague espoir, celui d&rsquo;un hypoth\u00e9tique rep\u00eachage compte tenu de la fragilit\u00e9 \u00e9conomique de plusieurs clubs de l&rsquo;\u00e9lite qui peuvent \u00eatre menac\u00e9s de r\u00e9trogradation par la Direction nationale du contr\u00f4le de gestion (DNCG) en fin de saison.<\/p>\n<p>Mais avec un bilan d\u00e9sastreux de 20 d\u00e9faites et 77 buts encaiss\u00e9s, la saison 2024-25 rel\u00e8ve du cauchemar pour les supporters des Verts.<\/p>\n<p>La reprise par Kilmer, holding du richissime Larry Tannenbaum, avait pourtant suscit\u00e9 des esp\u00e9rances de renouveau apr\u00e8s les vingt ans de r\u00e8gne Bernard Ca\u00efazzo, un homme d&rsquo;affaires parisien, et Roland Romeyer, un entrepreneur de la Loire, un duo arriv\u00e9 \u00e0 bout de souffle.<\/p>\n<p>Mais les Verts n&rsquo;ont jamais d\u00e9coll\u00e9.<\/p>\n<p>&#8211; S\u00e9rieuses d\u00e9routes &#8211;<\/p>\n<p>Derniers apr\u00e8s la troisi\u00e8me journ\u00e9e, \u00e9limin\u00e9s en 32e de finale de la Coupe de France par Marseille (4-0), les Verts n&rsquo;ont gagn\u00e9 que huit matches pour six nuls et 20 d\u00e9faites.<\/p>\n<p>Jamais mieux class\u00e9s que 13e, les Verts ont conc\u00e9d\u00e9 en chemin des d\u00e9routes \u00e0 Brest (4-0), \u00e0 Rennes (5-0) et \u00e0 Marseille (5-1) mais aussi \u00e0 domicile face au Paris Saint-Germain (6-1) sans oublier l&rsquo;historique 8-0 administr\u00e9 par Nice lors de la 5e journ\u00e9e.<\/p>\n<p>Les victoires dans le derby face \u00e0 Lyon (2-1), le 27 avril, puis celle \u00e0 Reims\u00a0(2-0) la semaine derni\u00e8re, avaient pourtant redonn\u00e9 de l&rsquo;espoir. Finalement sans lendemain.<\/p>\n<p>C&rsquo;est la premi\u00e8re fois de son histoire que l&rsquo;AS Saint-\u00c9tienne, fond\u00e9e en 1933 et descendue cinq fois en 2e division ou L2, niveau o\u00f9 elle a pass\u00e9 un total de seize saisons, fait directement l&rsquo;ascenseur.<\/p>\n<p>Il y a trois ans, la rel\u00e9gation \u00e0 l&rsquo;issue d&rsquo;un barrage face \u00e0 Auxerre avait \u00e9t\u00e9 act\u00e9e dans le chaos et par des sc\u00e8nes insurrectionnelles qui avaient valu \u00e0 l&rsquo;ASSE de s\u00e9v\u00e8res sanctions.<\/p>\n<p>La saison derni\u00e8re, les Verts avaient arrach\u00e9 leur retour dans l&rsquo;\u00e9lite au sortir d&rsquo;un exercice mitig\u00e9, avec onze d\u00e9faites, en sortant Metz en barrage.<\/p>\n<p>&#8211; Dall&rsquo;Oglio limog\u00e9 &#8211;<\/p>\n<p>Depuis le d\u00e9but de saison, les supporters regrettent que les nouveaux propri\u00e9taires, qui n\u00e9gociaient le rachat du club alors qu&rsquo;il \u00e9tait en Ligue 2 avant d&rsquo;arracher une accession inesp\u00e9r\u00e9e, n&rsquo;aient pas su adapter leur projet de d\u00e9velopper des jeunes talents aux exigences de la Ligue 1 avec l&rsquo;apport de joueurs exp\u00e9riment\u00e9s et de qualit\u00e9.<\/p>\n<p>Le recrutement estival s&rsquo;est rapidement montr\u00e9 insuffisant et n&rsquo;a pas \u00e9t\u00e9 corrig\u00e9 lors du march\u00e9 hivernal en janvier.<\/p>\n<p>Le limogeage de l&rsquo;entra\u00eeneur Olivier Dall&rsquo;Oglio, le 14 d\u00e9cembre, remplac\u00e9 par le Norv\u00e9gien Eirik Horneland, arriv\u00e9 du SK Brann (1re div. norv\u00e9gienne) et dont c&rsquo;est la premi\u00e8re exp\u00e9rience \u00e0 l&rsquo;\u00e9tranger, n&rsquo;a pas invers\u00e9 la spirale n\u00e9gative.<\/p>\n<p>Mais, \u00e0 l&rsquo;inverse de la tactique de Dall&rsquo;Oglio qui voulait \u00eatre pragmatique pour obtenir le maintien, les principes de jeu offensifs du technicien norv\u00e9gien sont compatibles avec le projet sportif des nouveaux propri\u00e9taires, m\u00eame en Ligue 2.<\/p>\n<p>Il devrait d&rsquo;ailleurs poursuivre sa mission m\u00eame s&rsquo;il n&rsquo;a pas su adapter son syst\u00e8me de jeu en tenant compte des faiblesses de son effectif.<\/p>\n<p>\u00ab\u00a0L&rsquo;ASSE est un grand projet qui n\u00e9cessite beaucoup de travail mais cela prend du temps de mettre en place de nouvelles m\u00e9thodes\u00a0\u00bb, a expliqu\u00e9 \u00e0 plusieurs reprises le pr\u00e9sident Ivan Gazidis, dont les \u00e9quipes m\u00e8nent des audits depuis un an dans le but de r\u00e9former les structures du club.<\/p>\n<p>\u00ab\u00a0Sportivement, nous voulons d\u00e9velopper un style de jeu qui soit en ad\u00e9quation avec la ville de Saint-\u00c9tienne, jouer avec passion et \u00e9nergie et remettre l&rsquo;ASSE dans le haut du tableau du football fran\u00e7ais\u00a0\u00bb, a-t-il aussi souvent rappel\u00e9.<\/p>\n<p>fjt\/dfa\/hpa\/fbx<\/p>\n","protected":false},"excerpt":{"rendered":"Battue par Toulouse (3-2) samedi, l&rsquo;AS Saint-\u00c9tienne est rel\u00e9gu\u00e9e en Ligue 2 un an seulement apr\u00e8s avoir arrach\u00e9&hellip;\n","protected":false},"author":2,"featured_media":108390,"comment_status":"","ping_status":"","sticky":false,"template":"","format":"standard","meta":{"footnotes":""},"categories":[9653],"tags":[22631,1111,11,2430,4245,3450,22634,1777,674,17996,22633,1011,27,22635,2428,12,4243,584,22632,25,4001,6564,2312,11001],"class_list":{"0":"post-108389","1":"post","2":"type-post","3":"status-publish","4":"format-standard","5":"has-post-thumbnail","7":"category-saint-etienne","8":"tag-a-bout-de-souffle","9":"tag-actu","10":"tag-actualites","11":"tag-auvergne-rhone-alpes","12":"tag-auxerre","13":"tag-brest","14":"tag-dennis-appiah","15":"tag-eu","16":"tag-europe","17":"tag-finale-de-la-coupe-de-france","18":"tag-florian-tardieu","19":"tag-fr","20":"tag-france","21":"tag-larsonneur","22":"tag-lyon","23":"tag-news","24":"tag-reims","25":"tag-rennes","26":"tag-reprise-de-volee","27":"tag-republique-francaise","28":"tag-saint-etienne","29":"tag-su","30":"tag-toulouse","31":"tag-verts"},"share_on_mastodon":{"url":"https:\/\/pubeurope.com\/@fr\/114526606035451040","error":""},"_links":{"self":[{"href":"https:\/\/www.europesays.com\/fr\/wp-json\/wp\/v2\/posts\/108389","targetHints":{"allow":["GET"]}}],"collection":[{"href":"https:\/\/www.europesays.com\/fr\/wp-json\/wp\/v2\/posts"}],"about":[{"href":"https:\/\/www.europesays.com\/fr\/wp-json\/wp\/v2\/types\/post"}],"author":[{"embeddable":true,"href":"https:\/\/www.europesays.com\/fr\/wp-json\/wp\/v2\/users\/2"}],"replies":[{"embeddable":true,"href":"https:\/\/www.europesays.com\/fr\/wp-json\/wp\/v2\/comments?post=108389"}],"version-history":[{"count":0,"href":"https:\/\/www.europesays.com\/fr\/wp-json\/wp\/v2\/posts\/108389\/revisions"}],"wp:featuredmedia":[{"embeddable":true,"href":"https:\/\/www.europesays.com\/fr\/wp-json\/wp\/v2\/media\/108390"}],"wp:attachment":[{"href":"https:\/\/www.europesays.com\/fr\/wp-json\/wp\/v2\/media?parent=108389"}],"wp:term":[{"taxonomy":"category","embeddable":true,"href":"https:\/\/www.europesays.com\/fr\/wp-json\/wp\/v2\/categories?post=108389"},{"taxonomy":"post_tag","embeddable":true,"href":"https:\/\/www.europesays.com\/fr\/wp-json\/wp\/v2\/tags?post=108389"}],"curies":[{"name":"wp","href":"https:\/\/api.w.org\/{rel}","templated":true}]}}