{"id":108391,"date":"2025-05-18T03:02:13","date_gmt":"2025-05-18T03:02:13","guid":{"rendered":"https:\/\/www.europesays.com\/fr\/108391\/"},"modified":"2025-05-18T03:02:13","modified_gmt":"2025-05-18T03:02:13","slug":"betclic-elite-face-a-larmada-de-paris-le-sluc-nancy-est-reste-a-sa-place","status":"publish","type":"post","link":"https:\/\/www.europesays.com\/fr\/108391\/","title":{"rendered":"Betclic Elite. Face \u00e0 l\u2019armada de Paris, le SLUC Nancy est rest\u00e9 \u00e0 sa place"},"content":{"rendered":"<p>SLUC &#8211; Paris<\/p>\n<p>86-105<\/p>\n<p>Pendant que le SLUC s\u2019\u00e9vertuait \u00e0 tenter de garder le contact avec une \u00e9quipe de Paris tous feux, tout flammes, Chalon, de son c\u00f4t\u00e9, mettait une fess\u00e9e \u00e0 une formation mon\u00e9gasque manifestement peu concern\u00e9e par les enjeux de cette derni\u00e8re journ\u00e9e (+15 \u00e0 la mi-temps). Par cons\u00e9quent, on a vite compris que, quoi qu\u2019il arrive sur le parquet de Gentilly, Nancy allait rester scotch\u00e9 \u00e0 cette neuvi\u00e8me place qui lui tendait les bras.<\/p>\n<p>En d\u00e9finitive, m\u00eame un miracle sur le parquet de Gentilly n\u2019aurait pas suffi \u00e0 promouvoir l\u2019\u00e9quipe de Sylvain Lauti\u00e9 sur le fil&#8230;.<\/p>\n","protected":false},"excerpt":{"rendered":"SLUC &#8211; Paris 86-105 Pendant que le SLUC s\u2019\u00e9vertuait \u00e0 tenter de garder le contact avec une \u00e9quipe&hellip;\n","protected":false},"author":2,"featured_media":108392,"comment_status":"","ping_status":"","sticky":false,"template":"","format":"standard","meta":{"footnotes":""},"categories":[9635],"tags":[1111,11,1791,1704,1777,674,1011,27,775,1702,1703,12,25,11567,517,1700],"class_list":{"0":"post-108391","1":"post","2":"type-post","3":"status-publish","4":"format-standard","5":"has-post-thumbnail","7":"category-nancy","8":"tag-actu","9":"tag-actualites","10":"tag-basket-ball","11":"tag-edition-nancy-et-agglomeration","12":"tag-eu","13":"tag-europe","14":"tag-fr","15":"tag-france","16":"tag-grand-est","17":"tag-nancy","18":"tag-nancy-ville-54b","19":"tag-news","20":"tag-republique-francaise","21":"tag-sluc","22":"tag-sport","23":"tag-sport-lorrain"},"share_on_mastodon":{"url":"https:\/\/pubeurope.com\/@fr\/114526613845717923","error":""},"_links":{"self":[{"href":"https:\/\/www.europesays.com\/fr\/wp-json\/wp\/v2\/posts\/108391","targetHints":{"allow":["GET"]}}],"collection":[{"href":"https:\/\/www.europesays.com\/fr\/wp-json\/wp\/v2\/posts"}],"about":[{"href":"https:\/\/www.europesays.com\/fr\/wp-json\/wp\/v2\/types\/post"}],"author":[{"embeddable":true,"href":"https:\/\/www.europesays.com\/fr\/wp-json\/wp\/v2\/users\/2"}],"replies":[{"embeddable":true,"href":"https:\/\/www.europesays.com\/fr\/wp-json\/wp\/v2\/comments?post=108391"}],"version-history":[{"count":0,"href":"https:\/\/www.europesays.com\/fr\/wp-json\/wp\/v2\/posts\/108391\/revisions"}],"wp:featuredmedia":[{"embeddable":true,"href":"https:\/\/www.europesays.com\/fr\/wp-json\/wp\/v2\/media\/108392"}],"wp:attachment":[{"href":"https:\/\/www.europesays.com\/fr\/wp-json\/wp\/v2\/media?parent=108391"}],"wp:term":[{"taxonomy":"category","embeddable":true,"href":"https:\/\/www.europesays.com\/fr\/wp-json\/wp\/v2\/categories?post=108391"},{"taxonomy":"post_tag","embeddable":true,"href":"https:\/\/www.europesays.com\/fr\/wp-json\/wp\/v2\/tags?post=108391"}],"curies":[{"name":"wp","href":"https:\/\/api.w.org\/{rel}","templated":true}]}}