{"id":1083956,"date":"2026-07-23T21:51:36","date_gmt":"2026-07-23T21:51:36","guid":{"rendered":"https:\/\/www.europesays.com\/fr\/1083956\/"},"modified":"2026-07-23T21:51:36","modified_gmt":"2026-07-23T21:51:36","slug":"en-carte-ou-sont-les-friches-de-la-metropole-lilloise","status":"publish","type":"post","link":"https:\/\/www.europesays.com\/fr\/1083956\/","title":{"rendered":"[EN CARTE] O\u00f9 sont les friches de la m\u00e9tropole lilloise ?"},"content":{"rendered":"<p class=\"single__lede\"><b>[S\u00e9rie 2\/6 &#8211; Friches industrielles : la ru\u00e9e vers l\u2019or foncier de la MEL] Avec quelque 700 friches diss\u00e9min\u00e9es sur son territoire, t\u00e9moin de son pass\u00e9 industriel, la m\u00e9tropole europ\u00e9enne de Lille est particuli\u00e8rement concern\u00e9e par le renouvellement urbain. Pour cet \u00e9pisode, nous avons inventori\u00e9, sur une carte, la plupart de ces espaces d\u00e9laiss\u00e9s\u2026 pour certains en cours de renaissance. &#13;<br \/>\n<\/b><\/p>\n<p>\t\t<img width=\"826\" height=\"516\" src=\"https:\/\/www.europesays.com\/fr\/wp-content\/uploads\/2026\/07\/Carte-friches-MEL.png\" class=\"position-center wp-post-image\" alt=\"\" decoding=\"async\" fetchpriority=\"high\"  \/>\t\t\t\t\tD\u00e9couvrez notre carte recensant les friches de la MEL. Capture d&rsquo;\u00e9cran : Mediacit\u00e9s <\/p>\n<p>La m\u00e9tropole europ\u00e9enne de Lille est un territoire de friches. Selon un inventaire actualis\u00e9 par la MEL en 2018, ces terrains ou b\u00e2timents abandonn\u00e9s de leurs activit\u00e9s pass\u00e9es occupent d\u2019environ 650 hectares.\u00a0<\/p>\n<p>Nous vous offrons l\u2019acc\u00e8s \u00e0 cet article<\/p>\n<p>Et \u00e0 toutes nos enqu\u00eates pendant deux jours\u00a0\u00a0! <br \/>Oui, on est g\u00e9n\u00e9reux \ud83d\ude09 Mais pensez aussi \u00e0 <a href=\"https:\/\/www.mediacites.fr\/sabonner\/\" target=\"_blank\" style=\"color:#fff\" rel=\"nofollow noopener\">vous abonner<\/a>\u00a0\u00a0!<\/p>\n<p>\t\tEn renseignant votre adresse, vous acceptez nos <a href=\"https:\/\/www.mediacites.fr\/conditions-generales-d-utilisation\/\" target=\"_blank\" rel=\"nofollow noopener\">conditions g\u00e9n\u00e9rales d\u2019utilisation<\/a>. <br \/>Mediacit\u00e9s s\u2019engage \u00e0 ne pas c\u00e9der votre adresse \u00e0 des tiers. En cas d\u2019\u00e9chec, \u00e9crivez \u00e0 <a href=\"https:\/\/www.mediacites.fr\/serie-dete\/lille\/2026\/07\/23\/en-carte-ou-sont-les-friches-de-la-metropole-lilloise\/mailto:contact@mediacites.fr\" rel=\"nofollow noopener\" target=\"_blank\">contact@mediacites.fr<\/a><\/p>\n<ul>\n<li>J\u2019acc\u00e8de aux 4 \u00e9ditions de Mediacit\u00e9s (Lille, Lyon, Nantes et Toulouse)<\/li>\n<li>Je d\u00e9couvre un m\u00e9dia 100 % ind\u00e9pendant, avec 0 % de publicit\u00e9<\/li>\n<\/ul>\n<p>Envie de lire la\u00a0suite\u202f?<\/p>\n<p>Depuis neuf ans, Mediacit\u00e9s enqu\u00eate en toute ind\u00e9pendance dans votre ville. Gr\u00e2ce \u00e0 ses lecteurs\u202f! Abonnez\u2010vous pour ne rien manquer de nos enqu\u00eates, suivre les \u00e9lections municipales et soutenir un journal local d\u2019investigation.<\/p>\n<ul>\n<li>Acc\u00e8s aux 4 \u00e9ditions de Mediacit\u00e9s (Lille, Lyon, Nantes et Toulouse)<\/li>\n<li>100 % ind\u00e9pendant, avec 0 % de publicit\u00e9<\/li>\n<li>R\u00e9siliation facile \u00e0 tout moment<\/li>\n<\/ul>\n<p>Mediacit\u00e9s offre l\u2019acc\u00e8s \u00e0 cet article aux lecteurs de News2Com<\/p>\n<p>Et \u00e0 toutes nos enqu\u00eates pendant deux jours\u00a0\u00a0! <br \/>Oui, on est g\u00e9n\u00e9reux \ud83d\ude09 Mais pensez aussi \u00e0 <a href=\"https:\/\/www.mediacites.fr\/sabonner\/\" target=\"_blank\" style=\"color:#fff\" rel=\"nofollow noopener\">vous abonner<\/a>\u00a0\u00a0!<\/p>\n<p>\t\tEn renseignant votre adresse, vous acceptez nos <a href=\"https:\/\/www.mediacites.fr\/conditions-generales-d-utilisation\/\" target=\"_blank\" rel=\"nofollow noopener\">conditions g\u00e9n\u00e9rales d\u2019utilisation<\/a>. <br \/>Mediacit\u00e9s s\u2019engage \u00e0 ne pas c\u00e9der votre adresse \u00e0 des tiers. En cas d\u2019\u00e9chec, \u00e9crivez \u00e0 <a href=\"https:\/\/www.mediacites.fr\/serie-dete\/lille\/2026\/07\/23\/en-carte-ou-sont-les-friches-de-la-metropole-lilloise\/mailto:contact@mediacites.fr\" rel=\"nofollow noopener\" target=\"_blank\">contact@mediacites.fr<\/a><\/p>\n<ul>\n<li>J\u2019acc\u00e8de aux 4 \u00e9ditions de Mediacit\u00e9s (Lille, Lyon, Nantes et Toulouse)<\/li>\n<li>Je d\u00e9couvre un m\u00e9dia 100 % ind\u00e9pendant, avec 0 % de publicit\u00e9<\/li>\n<\/ul>\n<p>\tD\u00e9couvrez aussi <strong>nos derni\u00e8res enqu\u00eates<\/strong><\/p>\n","protected":false},"excerpt":{"rendered":"[S\u00e9rie 2\/6 &#8211; Friches industrielles : la ru\u00e9e vers l\u2019or foncier de la MEL] Avec quelque 700 friches&hellip;\n","protected":false},"author":2,"featured_media":1083957,"comment_status":"","ping_status":"","sticky":false,"template":"","format":"standard","meta":{"footnotes":"","_share_on_mastodon":"0"},"categories":[2815],"tags":[1111,11,1777,674,1011,27,14694,811,1307,12,25,41407],"class_list":["post-1083956","post","type-post","status-publish","format-standard","has-post-thumbnail","category-lille","tag-actu","tag-actualites","tag-eu","tag-europe","tag-fr","tag-france","tag-friches","tag-hauts-de-france","tag-lille","tag-news","tag-republique-francaise","tag-serie-dete"],"share_on_mastodon":{"url":"https:\/\/pubeurope.com\/@fr\/116971510701327294","error":""},"_links":{"self":[{"href":"https:\/\/www.europesays.com\/fr\/wp-json\/wp\/v2\/posts\/1083956","targetHints":{"allow":["GET"]}}],"collection":[{"href":"https:\/\/www.europesays.com\/fr\/wp-json\/wp\/v2\/posts"}],"about":[{"href":"https:\/\/www.europesays.com\/fr\/wp-json\/wp\/v2\/types\/post"}],"author":[{"embeddable":true,"href":"https:\/\/www.europesays.com\/fr\/wp-json\/wp\/v2\/users\/2"}],"replies":[{"embeddable":true,"href":"https:\/\/www.europesays.com\/fr\/wp-json\/wp\/v2\/comments?post=1083956"}],"version-history":[{"count":0,"href":"https:\/\/www.europesays.com\/fr\/wp-json\/wp\/v2\/posts\/1083956\/revisions"}],"wp:featuredmedia":[{"embeddable":true,"href":"https:\/\/www.europesays.com\/fr\/wp-json\/wp\/v2\/media\/1083957"}],"wp:attachment":[{"href":"https:\/\/www.europesays.com\/fr\/wp-json\/wp\/v2\/media?parent=1083956"}],"wp:term":[{"taxonomy":"category","embeddable":true,"href":"https:\/\/www.europesays.com\/fr\/wp-json\/wp\/v2\/categories?post=1083956"},{"taxonomy":"post_tag","embeddable":true,"href":"https:\/\/www.europesays.com\/fr\/wp-json\/wp\/v2\/tags?post=1083956"}],"curies":[{"name":"wp","href":"https:\/\/api.w.org\/{rel}","templated":true}]}}