{"id":108402,"date":"2025-05-18T03:13:18","date_gmt":"2025-05-18T03:13:18","guid":{"rendered":"https:\/\/www.europesays.com\/fr\/108402\/"},"modified":"2025-05-18T03:13:18","modified_gmt":"2025-05-18T03:13:18","slug":"ma-volonte-est-de-rester-a-lom-affirme-de-zerbi","status":"publish","type":"post","link":"https:\/\/www.europesays.com\/fr\/108402\/","title":{"rendered":"\u00ab\u00a0Ma volont\u00e9 est de rester \u00e0 l&rsquo;OM\u00a0\u00bb, affirme De Zerbi"},"content":{"rendered":"<p><strong>Serez-vous encore entra\u00eeneur de l\u2019OM la saison prochaine\u00a0? Vos propos tenus vendredi en conf\u00e9rence de presse ont sem\u00e9 le doute\u2026<\/strong>&#13;\n<\/p>\n<p>Je suis tr\u00e8s fatigu\u00e9, la saison a \u00e9t\u00e9 pesante. Je m\u2019amuse toujours en conf\u00e9rences de presse. Parfois vous me provoquez, je r\u00e9ponds sur le m\u00eame ton. Vendredi, j\u2019\u00e9tais assez serein. La saison prochaine\u00a0? Je vais parler avec le club, on va analyser les erreurs que j\u2019ai pu faire et d\u00e9finir un programme pour le futur. Ma volont\u00e9\u00a0? Je suis venu ici sans Ligue des champions. Avec elle, je ne voudrais pas partir. J\u2019ai un contrat mais \u00e7a ne veut rien dire pour moi. On doit parler pour voir o\u00f9 on veut aller.<\/p>\n<p><strong>Pourquoi Luis Henrique n\u2019a-t-il pas jou\u00e9 finalement\u00a0? Son d\u00e9part est-il proche\u00a0?<\/strong>&#13;\n<\/p>\n<p>La question de son d\u00e9part est pour le pr\u00e9sident Pablo Longoria ou le directeur sportif Medhi Benatia. <a href=\"https:\/\/www.laprovence.com\/article\/om\/3184324518584614\/om-rennes-4-2-greenwood-comme-le-bon-vingt-hojbjerg-taille-patron-decouvrez-les-notes-des-olympiens\" target=\"_blank\" rel=\"nofollow noopener\">Rowe a fait un gros match<\/a>, Harit a \u00e9t\u00e9 malheureux apr\u00e8s son expulsion contre Paris. Maupay est un soldat, \u00e7a m\u2019attriste qu\u2019il ait eu si peu de temps de jeu. Harit et Maupay m\u00e9ritaient de jouer.<\/p>\n<p><strong>Existe-t-il un vrai risque de vous voir partir si le rendez-vous avec les dirigeants se passe mal\u00a0?<\/strong>&#13;\n<\/p>\n<p>Je vais vous dire ce que j\u2019ai dit aux joueurs. Quand j\u2019avais 13-14 au centre de formation de l\u2019AC Milan, mon entra\u00eeneur Walter De Vecchi me disait de suivre l\u2019OM et <a href=\"https:\/\/www.laprovence.com\/article\/om\/6004978\/chris-waddle-jaime-le-spectacle.html\" target=\"_blank\" rel=\"nofollow noopener\">Chris Waddle<\/a>. C\u2019est l\u00e0 que je suis tomb\u00e9 amoureux de l\u2019OM, j\u2019ai commenc\u00e9 \u00e0 suivre l\u2019OM pour Chris Waddle. Ma volont\u00e9 est de rester \u00e0 100%. La saison a \u00e9t\u00e9 lourde, il faut voir les choses de mani\u00e8re objective. Je suis reconnaissant \u00e0 Frank, Pablo et Medhi. Je n\u2019ai pas envie de partir. Il faut voir quoi faire pour le futur, le programmer et voir quel est le point de d\u00e9part, parler de mani\u00e8re honn\u00eate. Des choses doivent \u00eatre dites. Je n\u2019ai entam\u00e9 de discussions avec aucun club. On est 2e, il faut voir ce qu\u2019on va faire.<\/p>\n<p><strong>Qu\u2019est-ce qui pourrait vous rassurer\u00a0? Qu\u2019est-ce qui va vraiment peser dans la balance\u00a0?<\/strong>&#13;\n<\/p>\n<p>Le mercato est une partie de la discussion. On doit se parler, il y a des choses \u00e0 am\u00e9liorer pour aller de l\u2019avant et progresser. On a pouss\u00e9 pour aller en C1. L\u2019objectif atteint, on doit analyser la situation. J\u2019ai des valeurs, des principes sur lesquels je ne fais pas de compromis. Il faut voir comment g\u00e9rer trois comp\u00e9titions et programmer tout cela.<\/p>\n<p><strong>Avez-vous discut\u00e9 de la suite avec McCourt\u00a0?<\/strong>&#13;\n<\/p>\n<p>On est tr\u00e8s content de l\u2019avoir vu. Il a parl\u00e9 avec l\u2019\u00e9quipe \u00e0 chaque fois qu\u2019il est venu. C\u2019est toujours positif que le propri\u00e9taire soit pr\u00e9sent et soit heureux.<\/p>\n<p><strong>Quelle est votre principale fiert\u00e9 cette saison\u00a0?<\/strong>&#13;\n<\/p>\n<p>La chose la plus belle que j\u2019ai vue est l\u2019orgueil que l\u2019\u00e9quipe a eu. Quand on est tomb\u00e9 de haut, on a rebondi tout de suite apr\u00e8s. Cet orgueil va au-del\u00e0 de la qualit\u00e9 du jeu. On se souviendra de cette \u00e9quipe pour \u00e7a. Les joueurs ont tout le m\u00e9rite. Dans cette ville, il y a beaucoup de pression qui te fait r\u00e9agir, beaucoup de chaos.<\/p>\n<p><strong>Dans quel \u00e9tat finissez-vous cette saison sur un plan personnel\u00a0?<\/strong>&#13;\n<\/p>\n<p>Je suis \u00e9puis\u00e9. Je sais d\u00e9j\u00e0 que dans cinq jours le foot me manquera. C\u2019est un stress, mais apr\u00e8s trois jours, je n\u2019ai qu\u2019une envie\u00a0: reprendre.<\/p>\n<p>Greenwood<\/p>\n<p>\u00ab\u00a0Terminer \u00e0 \u00e9galit\u00e9 avec Demb\u00e9l\u00e9 est un bel accomplissement mais je suis plus heureux pour la Ligue des champions ! Je n&rsquo;en veux \u00e9videmment pas \u00e0 Rabiot pour son deuxi\u00e8me but (le Fran\u00e7ais aurait peut-\u00eatre pu lui donner une passe d\u00e9cisive, Ndlr), il en a inscrit un super (rires) et il a \u00e9t\u00e9 important pour nous toute la saison. Ce n&rsquo;est pas une d\u00e9ception de ne pas finir meilleur buteur. C&rsquo;\u00e9tait une bonne saison pour moi, j&rsquo;ai beaucoup marqu\u00e9 et perform\u00e9, j&rsquo;ai aid\u00e9 l&rsquo;\u00e9quipe. J&rsquo;esp\u00e8re rester la saison prochaine !\u00a0\u00bb<\/p>\n","protected":false},"excerpt":{"rendered":"Serez-vous encore entra\u00eeneur de l\u2019OM la saison prochaine\u00a0? Vos propos tenus vendredi en conf\u00e9rence de presse ont sem\u00e9&hellip;\n","protected":false},"author":2,"featured_media":108403,"comment_status":"","ping_status":"","sticky":false,"template":"","format":"standard","meta":{"footnotes":""},"categories":[2821],"tags":[22579,17,1111,11,829,932,1777,674,1011,27,4056,22636,12,149,22578,584,25,8291,12774],"class_list":{"0":"post-108402","1":"post","2":"type-post","3":"status-publish","4":"format-standard","5":"has-post-thumbnail","7":"category-rennes","8":"tag-4-2","9":"tag-17","10":"tag-actu","11":"tag-actualites","12":"tag-bretagne","13":"tag-est","14":"tag-eu","15":"tag-europe","16":"tag-fr","17":"tag-france","18":"tag-lom","19":"tag-ma","20":"tag-news","21":"tag-om","22":"tag-om-rennes","23":"tag-rennes","24":"tag-republique-francaise","25":"tag-rester","26":"tag-volonte"},"share_on_mastodon":{"url":"https:\/\/pubeurope.com\/@fr\/114526657113347986","error":""},"_links":{"self":[{"href":"https:\/\/www.europesays.com\/fr\/wp-json\/wp\/v2\/posts\/108402","targetHints":{"allow":["GET"]}}],"collection":[{"href":"https:\/\/www.europesays.com\/fr\/wp-json\/wp\/v2\/posts"}],"about":[{"href":"https:\/\/www.europesays.com\/fr\/wp-json\/wp\/v2\/types\/post"}],"author":[{"embeddable":true,"href":"https:\/\/www.europesays.com\/fr\/wp-json\/wp\/v2\/users\/2"}],"replies":[{"embeddable":true,"href":"https:\/\/www.europesays.com\/fr\/wp-json\/wp\/v2\/comments?post=108402"}],"version-history":[{"count":0,"href":"https:\/\/www.europesays.com\/fr\/wp-json\/wp\/v2\/posts\/108402\/revisions"}],"wp:featuredmedia":[{"embeddable":true,"href":"https:\/\/www.europesays.com\/fr\/wp-json\/wp\/v2\/media\/108403"}],"wp:attachment":[{"href":"https:\/\/www.europesays.com\/fr\/wp-json\/wp\/v2\/media?parent=108402"}],"wp:term":[{"taxonomy":"category","embeddable":true,"href":"https:\/\/www.europesays.com\/fr\/wp-json\/wp\/v2\/categories?post=108402"},{"taxonomy":"post_tag","embeddable":true,"href":"https:\/\/www.europesays.com\/fr\/wp-json\/wp\/v2\/tags?post=108402"}],"curies":[{"name":"wp","href":"https:\/\/api.w.org\/{rel}","templated":true}]}}