{"id":108412,"date":"2025-05-18T03:19:49","date_gmt":"2025-05-18T03:19:49","guid":{"rendered":"https:\/\/www.europesays.com\/fr\/108412\/"},"modified":"2025-05-18T03:19:49","modified_gmt":"2025-05-18T03:19:49","slug":"fcn-mhsc-antoine-kombouare-nantes-on-na-pas-peur-de-montpellier-mais-jai-peur-de-la-facon-dont-on-se-prepare","status":"publish","type":"post","link":"https:\/\/www.europesays.com\/fr\/108412\/","title":{"rendered":"[FCN-MHSC] Antoine Kombouar\u00e9 (Nantes) : \u201cOn n\u2019a pas peur de Montpellier, mais j\u2019ai peur de la fa\u00e7on dont on se pr\u00e9pare\u201d"},"content":{"rendered":"<p>Antoine Kombouar\u00e9 a \u00e9t\u00e9 interrog\u00e9 avant la rencontre d\u00e9cisive de son \u00e9quipe face au MHSC. Un mauvais r\u00e9sultat pourrait les emmener en barrages. S\u2019il se m\u00e9fie de cette rencontre, il ne compte que sur ses joueurs et non sur les concurrents pour se maintenir. Il a \u00e9galement \u00e9voqu\u00e9 le travail effectu\u00e9 par Zoumana Camara depuis son arriv\u00e9e sur le banc du MHSC et les progr\u00e8s qui en d\u00e9coulent.<\/p>\n<p>\u00ab D\u00e8s le d\u00e9but de la semaine, cela a \u00e9t\u00e9 le discours aux joueurs. Il faut faire attention \u00e0 ce que l\u2019on peut entendre de la part des proches, des m\u00e9dias, des supporters. Tout le monde pense que \u00e7a va le faire. Il faut faire tr\u00e8s attention. J\u2019ai regard\u00e9 les matches de Montpellier. Il y a des doutes quand on voit nos trois derniers r\u00e9sultats \u00e0 domicile, notamment Toulouse et Angers. On a vu la r\u00e9action du public. (\u2026) On a notre destin en main, mais on ne veut pas d\u00e9pendre des autres. Il faut se m\u00e9fier de cette \u00e9quipe de Montpellier. Ils perdent, mais l\u2019\u00e9quipe progresse de match en match. On n\u2019a pas peur de Montpellier, mais j\u2019ai peur de la fa\u00e7on dont on se pr\u00e9pare. On a le sentiment qu\u2019on n\u2019a m\u00eame pas besoin de jouer le match, que Strasbourg va battre Le Havre. C\u2019est faire fausse route.<\/p>\n<p>Quand Papus (Zoumana Camara) a repris l\u2019\u00e9quipe, ils \u00e9taient en difficult\u00e9. C\u2019est de mieux en mieux depuis. Contre Reims, ils font un grand match et m\u00eame l\u2019entra\u00eeneur adverse l\u2019a reconnu. Contre le PSG, le score est lourd mais l\u2019entame de match est int\u00e9ressante. Ils ont construit des fondations en \u00e9tant solides, cela joue. Il manque juste de finir les actions. Ils ont pos\u00e9 des probl\u00e8mes \u00e0 Brest. Il manque un peu de talent, c\u2019est tr\u00e8s jeune, mais il a recr\u00e9\u00e9 un esprit de groupe. C\u2019est une \u00e9quipe o\u00f9 il y a de l\u2019envie et qui pr\u00e9pare la saison prochaine. <\/p>\n<p>On sait qu\u2019on joue pour la survie du club. Moi je suis pr\u00eat. On prend ce qui va se passer. M\u00eame si on n\u2019envisage pas ce sc\u00e9nario, on est pr\u00eat \u00e0 aller au bout du bout pour maintenir le club. Aujourd\u2019hui il n\u2019y a que Montpellier qui m\u2019int\u00e9resse, je ne vis que pour ce match. (\u2026) Je me pose pas ce genre de questions. J\u2019ai un contrat d\u2019un an. J\u2019aime ce club et j\u2019ai envie de rester. \u00bb<\/p>\n<p>Propos retranscrits par <a href=\"https:\/\/le11hdf.fr\/fc-nantes-mhsc-antoine-kombouare-terminer-le-travail\/\" title=\"\" rel=\"nofollow noopener\" target=\"_blank\">Le11HDF<\/a><\/p>\n","protected":false},"excerpt":{"rendered":"Antoine Kombouar\u00e9 a \u00e9t\u00e9 interrog\u00e9 avant la rencontre d\u00e9cisive de son \u00e9quipe face au MHSC. Un mauvais r\u00e9sultat&hellip;\n","protected":false},"author":2,"featured_media":108413,"comment_status":"","ping_status":"","sticky":false,"template":"","format":"standard","meta":{"footnotes":""},"categories":[2818],"tags":[328,1111,11,1777,674,22440,1011,27,766,12,2636,25],"class_list":{"0":"post-108412","1":"post","2":"type-post","3":"status-publish","4":"format-standard","5":"has-post-thumbnail","7":"category-nantes","8":"tag-a-la-une","9":"tag-actu","10":"tag-actualites","11":"tag-eu","12":"tag-europe","13":"tag-fcn-mhsc","14":"tag-fr","15":"tag-france","16":"tag-nantes","17":"tag-news","18":"tag-pays-de-la-loire","19":"tag-republique-francaise"},"share_on_mastodon":{"url":"https:\/\/pubeurope.com\/@fr\/114526684706561580","error":""},"_links":{"self":[{"href":"https:\/\/www.europesays.com\/fr\/wp-json\/wp\/v2\/posts\/108412","targetHints":{"allow":["GET"]}}],"collection":[{"href":"https:\/\/www.europesays.com\/fr\/wp-json\/wp\/v2\/posts"}],"about":[{"href":"https:\/\/www.europesays.com\/fr\/wp-json\/wp\/v2\/types\/post"}],"author":[{"embeddable":true,"href":"https:\/\/www.europesays.com\/fr\/wp-json\/wp\/v2\/users\/2"}],"replies":[{"embeddable":true,"href":"https:\/\/www.europesays.com\/fr\/wp-json\/wp\/v2\/comments?post=108412"}],"version-history":[{"count":0,"href":"https:\/\/www.europesays.com\/fr\/wp-json\/wp\/v2\/posts\/108412\/revisions"}],"wp:featuredmedia":[{"embeddable":true,"href":"https:\/\/www.europesays.com\/fr\/wp-json\/wp\/v2\/media\/108413"}],"wp:attachment":[{"href":"https:\/\/www.europesays.com\/fr\/wp-json\/wp\/v2\/media?parent=108412"}],"wp:term":[{"taxonomy":"category","embeddable":true,"href":"https:\/\/www.europesays.com\/fr\/wp-json\/wp\/v2\/categories?post=108412"},{"taxonomy":"post_tag","embeddable":true,"href":"https:\/\/www.europesays.com\/fr\/wp-json\/wp\/v2\/tags?post=108412"}],"curies":[{"name":"wp","href":"https:\/\/api.w.org\/{rel}","templated":true}]}}