{"id":108414,"date":"2025-05-18T03:20:30","date_gmt":"2025-05-18T03:20:30","guid":{"rendered":"https:\/\/www.europesays.com\/fr\/108414\/"},"modified":"2025-05-18T03:20:30","modified_gmt":"2025-05-18T03:20:30","slug":"bordeaux-un-musee-ferme-depuis-plus-dun-an-rouvre-ses-portes","status":"publish","type":"post","link":"https:\/\/www.europesays.com\/fr\/108414\/","title":{"rendered":"Bordeaux : un mus\u00e9e ferm\u00e9 depuis plus d\u2019un an rouvre ses portes !"},"content":{"rendered":"<p><img decoding=\"async\" class=\"\" style=\"width:100%;max-width:100%\" src=\"https:\/\/www.europesays.com\/fr\/wp-content\/uploads\/2025\/05\/2020_08_261747383099331-format16by9.jpg\" alt=\"Le mus\u00e9e national des Douanes\"\/><\/p>\n<p>Le mus\u00e9e national des Douanes<\/p>\n<p>Cr\u00e9dit : Le mus\u00e9e national des Douanes<\/p>\n<p data-start=\"473\" data-end=\"1006\">C\u2019est le seul mus\u00e9e de France de ce type. Le Mus\u00e9e national des Douanes, place de la Bourse \u00e0 Bordeaux, rouvre ses portes ce vendredi 16 mai. Il \u00e9tait en effet ferm\u00e9 depuis 17 mois pour de gros travaux de r\u00e9novation. Ouvert depuis 1984, cette restauration a permis de moderniser le parcours de visite, tout en ajoutant des espaces plus interactifs. Pour f\u00eater cette r\u00e9ouverture, le mus\u00e9e vous ouvre gratuitement ses portes ce vendredi 16 mai et le samedi 17. Il sera aussi ouvert pour la <a href=\"https:\/\/www.witfm.fr\/gironde-et-dordogne-nos-idees-de-sorties-du-week-end\" rel=\"noopener\" target=\"_blank\"><strong data-start=\"961\" data-end=\"980\">Nuit des mus\u00e9es<\/strong><\/a>, samedi \u00e0 partir de 18 h.<\/p>\n<p data-start=\"1008\" data-end=\"1022\"><strong data-start=\"1008\" data-end=\"1022\">S\u2019y rendre : <\/strong>1, place de la Bourse, 33000 Bordeaux Ouvert du mardi au dimanche, de 10 h \u00e0 18 h. \u00a0Tarif : 5 \u20ac (6 \u20ac en cas d&rsquo;exposition temporaire).<\/p>\n","protected":false},"excerpt":{"rendered":"Le mus\u00e9e national des Douanes Cr\u00e9dit : Le mus\u00e9e national des Douanes C\u2019est le seul mus\u00e9e de France&hellip;\n","protected":false},"author":2,"featured_media":108415,"comment_status":"","ping_status":"","sticky":false,"template":"","format":"standard","meta":{"footnotes":""},"categories":[2817],"tags":[1111,11,1997,340,4107,1777,674,1011,27,2905,3048,22640,12,2219,22641,16670,716,25,2086],"class_list":{"0":"post-108414","1":"post","2":"type-post","3":"status-publish","4":"format-standard","5":"has-post-thumbnail","7":"category-bordeaux","8":"tag-actu","9":"tag-actualites","10":"tag-bordeaux","11":"tag-bourse","12":"tag-chantier","13":"tag-eu","14":"tag-europe","15":"tag-fr","16":"tag-france","17":"tag-gironde","18":"tag-musee","19":"tag-musee-des-douanes","20":"tag-news","21":"tag-nouvelle-aquitaine","22":"tag-nuit-au-musee","23":"tag-place-de-la-bourse","24":"tag-renovation","25":"tag-republique-francaise","26":"tag-travaux"},"share_on_mastodon":{"url":"https:\/\/pubeurope.com\/@fr\/114526684789916437","error":""},"_links":{"self":[{"href":"https:\/\/www.europesays.com\/fr\/wp-json\/wp\/v2\/posts\/108414","targetHints":{"allow":["GET"]}}],"collection":[{"href":"https:\/\/www.europesays.com\/fr\/wp-json\/wp\/v2\/posts"}],"about":[{"href":"https:\/\/www.europesays.com\/fr\/wp-json\/wp\/v2\/types\/post"}],"author":[{"embeddable":true,"href":"https:\/\/www.europesays.com\/fr\/wp-json\/wp\/v2\/users\/2"}],"replies":[{"embeddable":true,"href":"https:\/\/www.europesays.com\/fr\/wp-json\/wp\/v2\/comments?post=108414"}],"version-history":[{"count":0,"href":"https:\/\/www.europesays.com\/fr\/wp-json\/wp\/v2\/posts\/108414\/revisions"}],"wp:featuredmedia":[{"embeddable":true,"href":"https:\/\/www.europesays.com\/fr\/wp-json\/wp\/v2\/media\/108415"}],"wp:attachment":[{"href":"https:\/\/www.europesays.com\/fr\/wp-json\/wp\/v2\/media?parent=108414"}],"wp:term":[{"taxonomy":"category","embeddable":true,"href":"https:\/\/www.europesays.com\/fr\/wp-json\/wp\/v2\/categories?post=108414"},{"taxonomy":"post_tag","embeddable":true,"href":"https:\/\/www.europesays.com\/fr\/wp-json\/wp\/v2\/tags?post=108414"}],"curies":[{"name":"wp","href":"https:\/\/api.w.org\/{rel}","templated":true}]}}