{"id":10842,"date":"2025-04-08T18:13:15","date_gmt":"2025-04-08T18:13:15","guid":{"rendered":"https:\/\/www.europesays.com\/fr\/10842\/"},"modified":"2025-04-08T18:13:15","modified_gmt":"2025-04-08T18:13:15","slug":"une-barre-symbolique-atteinte-par-enrique-contre-villa","status":"publish","type":"post","link":"https:\/\/www.europesays.com\/fr\/10842\/","title":{"rendered":"Une barre symbolique atteinte par Enrique contre Villa"},"content":{"rendered":"<p><img width=\"780\" height=\"470\" src=\"https:\/\/www.europesays.com\/fr\/wp-content\/uploads\/2025\/04\/1200x680_sc_luis-enrique-sourire-780x470.jpg\" class=\"attachment-jannah-image-post size-jannah-image-post wp-post-image\" alt=\"Luis Enrique\" is_main_img=\"1\" decoding=\"async\" fetchpriority=\"high\"\/><\/p>\n<p>Mercredi soir (21 heures, Canal Plus), le PSG affronte Aston<br \/>\nVilla en quart de finale aller de la Ligue des champions. Une<br \/>\nrencontre qui va permettre \u00e0 Luis Enrique d\u2019atteindre une barre<br \/>\nsymbolique avec le PSG.<\/p>\n<p><strong>Luis Enrique<\/strong> a rejoint le <strong>PSG<\/strong><br \/>\ndurant l\u2019\u00e9t\u00e9 2023. Pour sa premi\u00e8re saison sur le banc parisien, le<br \/>\ncoach espagnol a remport\u00e9 trois troph\u00e9es (<strong>Ligue 1, Coupe de<br \/>\nFrance, Troph\u00e9e des champions<\/strong>) et amen\u00e9 ses joueurs en<br \/>\ndemi-finale de la <strong>Ligue des champions<\/strong>. Cette<br \/>\nsaison, l\u2019ancien s\u00e9lectionneur de la <strong>Roja<\/strong> a d\u00e9j\u00e0<br \/>\nremport\u00e9 deux troph\u00e9es (<strong>Ligue 1, Troph\u00e9e des<br \/>\nchampions<\/strong>), est qualifi\u00e9 en finale de <strong>Coupe de<br \/>\nFrance<\/strong> et en quart de finale de la <strong>Champions<br \/>\nLeague<\/strong>. Son \u00e9quipe a\u00a0<a href=\"https:\/\/canal-supporters.com\/ligue-1-habib-beye-pointe-du-doigt-les-poursuivants-du-psg-au-classement\/\" rel=\"nofollow noopener\" target=\"_blank\">\u00e9cras\u00e9<\/a><br \/>\nle championnat de <strong>France<\/strong>, peut finir la saison<br \/>\ninvaincue dans la comp\u00e9tition et propose un tr\u00e8s beau<br \/>\njeu.\u00a0<\/p>\n<p>A voir aussi : <a href=\"https:\/\/canal-supporters.com\/ligue-1-jean-louis-gasset-encense-le-travail-de-luis-enrique\/\" title=\"\" rel=\"nofollow noopener\" target=\"_blank\">Ligue 1 : Jean-Louis Gasset encense le travail de Luis<br \/>\nEnrique<\/a><\/p>\n<p><a href=\"https:\/\/x.com\/CanalSupporters\" target=\"_blank\" rel=\"noopener nofollow\" title=\"\">canalsupporters.com<\/a><\/p>\n<p>Il s\u2019est bien<br \/>\nacclimat\u00e9 \u00e0 la vie parisienne<\/p>\n<p>Mercredi soir, le <strong>PSG<\/strong> va tenter de prendre une<br \/>\noption sur la qualification en demi-finale de la Ligue des<br \/>\nchampions avec la r\u00e9ception \u2013 au Parc des Princes \u2013<br \/>\nd\u2019<strong><a href=\"https:\/\/canal-supporters.com\/ldc-desire-doue-titulaire-contre-aston-villa\/\" title=\"\" rel=\"nofollow noopener\" target=\"_blank\">Aston Villa<\/a><\/strong> pour le quart de finale aller. Un<br \/>\nmatch sp\u00e9cial pour <strong>Luis Enrique<\/strong>. En effet, celui<br \/>\nqui a r\u00e9cemment prolong\u00e9 jusqu\u2019en juin 2027, va diriger son 100e<br \/>\nmatch \u00e0 la t\u00eate des Rouge &amp; Bleu. Selon <a href=\"https:\/\/rmcsport.bfmtv.com\/football\/ligue-des-champions\/psg-aston-villa-comment-luis-enrique-se-prepare-a-vivre-sa-100e-a-la-tete-du-club-de-la-capitale_AV-202504070613.html\" target=\"_blank\" rel=\"noopener nofollow\" title=\"\">RMC Sport<\/a>, ce 100e<br \/>\nmatch est v\u00e9cu positivement par le coach espagnol, m\u00eame s\u2019il ne va<br \/>\npas n\u00e9cessairement le verbaliser publiquement. \u00ab\u00a0Ce sera<br \/>\nun bon souvenir, surtout si le r\u00e9sultat de mercredi soir est<br \/>\npositif.\u00a0\u00bb Le m\u00e9dia sportif indique \u00e9galement que presque<br \/>\ndeux ans apr\u00e8s son arriv\u00e9e au <strong>PSG<\/strong>, <strong>Luis<br \/>\nEnrique<\/strong> semble totalement acclimat\u00e9 \u00e0 la vie parisienne.<br \/>\nLe technicien se rend d\u2019ailleurs parfois dans la capitale avec sa<br \/>\nfamille. Mais la plupart de son temps, il pr\u00e9f\u00e8re le calme du<br \/>\n<strong>Campus PSG<\/strong> et ses alentours.<\/p><\/p>\n","protected":false},"excerpt":{"rendered":"Mercredi soir (21 heures, Canal Plus), le PSG affronte Aston Villa en quart de finale aller de la&hellip;\n","protected":false},"author":2,"featured_media":10843,"comment_status":"","ping_status":"","sticky":false,"template":"","format":"standard","meta":{"footnotes":""},"categories":[2],"tags":[5232,11,786,81,448,787,4479,1994,5208,1011,27,789,447,921,12,626,91,92,93,792,793,794,25,795,796,96],"class_list":{"0":"post-10842","1":"post","2":"type-post","3":"status-publish","4":"format-standard","5":"has-post-thumbnail","7":"category-actualites","8":"tag-100e-match-a-la-tete-du-psg","9":"tag-actualites","10":"tag-c1","11":"tag-canal-supporters","12":"tag-champions-league","13":"tag-cs","14":"tag-enrique","15":"tag-entraineur","16":"tag-entraineur-psg","17":"tag-fr","18":"tag-france","19":"tag-ldc","20":"tag-ligue-des-champions","21":"tag-luis-enrique","22":"tag-news","23":"tag-paris","24":"tag-paris-saint-germain","25":"tag-paris-sg","26":"tag-psg","27":"tag-psg-afc","28":"tag-psg-aston-villa","29":"tag-psgafc","30":"tag-republique-francaise","31":"tag-ucl","32":"tag-uefa-champions-league","33":"tag-une"},"share_on_mastodon":{"url":"https:\/\/pubeurope.com\/@fr\/114303703656671162","error":""},"_links":{"self":[{"href":"https:\/\/www.europesays.com\/fr\/wp-json\/wp\/v2\/posts\/10842","targetHints":{"allow":["GET"]}}],"collection":[{"href":"https:\/\/www.europesays.com\/fr\/wp-json\/wp\/v2\/posts"}],"about":[{"href":"https:\/\/www.europesays.com\/fr\/wp-json\/wp\/v2\/types\/post"}],"author":[{"embeddable":true,"href":"https:\/\/www.europesays.com\/fr\/wp-json\/wp\/v2\/users\/2"}],"replies":[{"embeddable":true,"href":"https:\/\/www.europesays.com\/fr\/wp-json\/wp\/v2\/comments?post=10842"}],"version-history":[{"count":0,"href":"https:\/\/www.europesays.com\/fr\/wp-json\/wp\/v2\/posts\/10842\/revisions"}],"wp:featuredmedia":[{"embeddable":true,"href":"https:\/\/www.europesays.com\/fr\/wp-json\/wp\/v2\/media\/10843"}],"wp:attachment":[{"href":"https:\/\/www.europesays.com\/fr\/wp-json\/wp\/v2\/media?parent=10842"}],"wp:term":[{"taxonomy":"category","embeddable":true,"href":"https:\/\/www.europesays.com\/fr\/wp-json\/wp\/v2\/categories?post=10842"},{"taxonomy":"post_tag","embeddable":true,"href":"https:\/\/www.europesays.com\/fr\/wp-json\/wp\/v2\/tags?post=10842"}],"curies":[{"name":"wp","href":"https:\/\/api.w.org\/{rel}","templated":true}]}}