{"id":108426,"date":"2025-05-18T03:27:17","date_gmt":"2025-05-18T03:27:17","guid":{"rendered":"https:\/\/www.europesays.com\/fr\/108426\/"},"modified":"2025-05-18T03:27:17","modified_gmt":"2025-05-18T03:27:17","slug":"a-marseille-philippe-se-penche-sur-la-justice-et-tient-ses-potentiels-allies-en-respect","status":"publish","type":"post","link":"https:\/\/www.europesays.com\/fr\/108426\/","title":{"rendered":"A Marseille, Philippe se penche sur la justice et tient ses potentiels alli\u00e9s en respect"},"content":{"rendered":"<p>Des propositions pour r\u00e9former l&rsquo;institution judiciaire, un plaidoyer contre \u00ab\u00a0l&rsquo;injustice\u00a0\u00bb, en particulier envers les jeunes, et un message de ferme d\u00e9termination envers ses potentiels alli\u00e9s pour l&rsquo;Elys\u00e9e, particuli\u00e8rement \u00e0 droite: Edouard Philippe a tenu un nouveau meeting de campagne samedi \u00e0 Marseille, en plein d\u00e9nouement du congr\u00e8s LR.<\/p>\n<p>Apr\u00e8s Bordeaux et Lille, le candidat d\u00e9clar\u00e9 \u00e0 la pr\u00e9sidentielle avait convi\u00e9 ses soutiens au Parc Chanot pour un troisi\u00e8me \u00ab\u00a0meeting interr\u00e9gional\u00a0\u00bb. L&rsquo;ordre du jour appelait les questions r\u00e9galiennes. Mais le d\u00e9nouement dimanche du Congr\u00e8s des R\u00e9publicains (LR) n&rsquo;avait \u00e9chapp\u00e9 \u00e0 personne et le rendez-vous d&rsquo;Horizons a \u00e9t\u00e9 avanc\u00e9 d&rsquo;une journ\u00e9e.<\/p>\n<p>Alors que LR doit se choisir un pr\u00e9sident entre Bruno Retailleau et Laurent Wauquiez, Edouard Philippe s&rsquo;est amus\u00e9 d&rsquo;\u00eatre devenu un th\u00e8me de campagne dans son ancien parti: pour M. Wauquiez, hors de question de \u00ab\u00a0rallier la macronie\u00a0\u00bb derri\u00e8re l&rsquo;ancien Premier ministre, quand M. Retailleau &#8211;qui s&rsquo;en d\u00e9fend&#8211; y serait d&rsquo;avantage dispos\u00e9.<\/p>\n<p>Le patron d&rsquo;Horizons, en t\u00eate des sondages dans le \u00ab\u00a0socle commun\u00a0\u00bb de la droite et du centre, a \u00e9galement eu un mot pour G\u00e9rald Darmanin et pour Gabriel Attal. \u00ab\u00a0J\u2019entends ceux qui se demandent si mon programme sera un vrai programme de droite. S\u2019il sera assez populaire. J&rsquo;en entends d\u2019autres qui ont la nostalgie d\u2019un +en m\u00eame temps+ un peu id\u00e9alis\u00e9\u00a0\u00bb, a-t-il lanc\u00e9.<\/p>\n<p>\u00ab\u00a0J\u2019entends parler de +tickets+ \u00e9crits d\u2019avance (&#8230;) Tout cela me laisse assez indiff\u00e9rent. Je ne serai pas le prisonnier du jeu des partis\u00a0\u00bb, a pr\u00e9venu M. Philippe.<\/p>\n<p>\u00ab\u00a0Je veux \u00eatre pr\u00e9sident de la R\u00e9publique pour restaurer la puissance de l\u2019Etat, pour remettre de la justice dans notre soci\u00e9t\u00e9, pour rendre notre pays plus fort et plus prosp\u00e8re et pour redonner \u00e0 l\u2019ensemble de nos concitoyens le go\u00fbt de la libert\u00e9. Est-ce que c\u2019est assez de droite ? Assez populaire ? Mais moi je ne suis pas l\u00e0 pour d\u00e9fendre la puret\u00e9 de la droite fran\u00e7aise ! Je suis l\u00e0 pour d\u00e9fendre la France, les Fran\u00e7aises et les Fran\u00e7ais !\u00a0\u00bb, a lanc\u00e9 M. Philippe sous les applaudissements de quelque 1.700 partisans.<\/p>\n<p>M. Wauquiez en a pris pour son grade. \u00ab\u00a0Les Fran\u00e7ais ne sont pas dupes de ceux qui font du trumpisme aux petits pieds en r\u00eavant de ressusciter le bagne du comte de Monte Cristo \u00e0 Saint-Pierre-et-Miquelon\u00a0\u00bb, a ironis\u00e9 Edouard Philippe, alors que le patron des d\u00e9put\u00e9s LR a propos\u00e9 d&rsquo;y envoyer les \u00e9trangers dangereux faisant l&rsquo;objet d&rsquo;une obligation de quitter le territoire (OQTF).<\/p>\n<p>Le d\u00e9put\u00e9 de Haute-Loire a pour sa part dress\u00e9 un portrait peu flatteur de M. Philippe samedi dans un entretien au Figaro Magazine. La \u00ab\u00a0macronie finissante a un nom: Edouard Philippe\u00a0\u00bb, a-t-il dit, estimant \u00ab\u00a0mortel pour la droite et notre pays\u00a0\u00bb d&rsquo;en \u00eatre les \u00ab\u00a0suppl\u00e9tifs\u00a0\u00bb.<\/p>\n<p>-Courtes peines et peines planchers-<\/p>\n<p>A tous ces alli\u00e9s potentiels qui s&rsquo;interrogent sur son programme, M. Philippe \u00ab\u00a0retourne la question\u00a0\u00bb: \u00ab\u00a0Etes-vous pr\u00eats \u00e0 construire avec nous la grande force politique, le bloc r\u00e9publicain et d\u00e9mocrate, qui respectera les identit\u00e9s de chacun mais se rassemblera sur l\u2019essentiel ?\u00a0\u00bb.<\/p>\n<p>Illustration avec les intervenants, parmi lesquels le pr\u00e9sident (Renaissance) de la r\u00e9gion Sud Renaud Muselier et la pr\u00e9sidente de la M\u00e9tropole d&rsquo;Aix-Marseille Martine Vassal (ex-LR), \u00e0 qui M. Philippe a prodigu\u00e9 un encouragement pour la mairie de Marseille.<\/p>\n<p>\u00ab\u00a0Le mode d&#8217;emploi pour organiser la victoire aux municipales apportera le mode d&#8217;emploi pour la pr\u00e9sidentielle\u00a0\u00bb, a \u00e9dict\u00e9 M. Muselier. \u00ab\u00a0Sans rassemblement r\u00e9publicain, aucune victoire ne sera possible\u00a0\u00bb, a abond\u00e9 le maire de Nice et vice-pr\u00e9sident d&rsquo;Horizons, Christian Estrosi.<\/p>\n<p>Second message de Marseille: quand LR se cherche un chef, Edouard Philippe peaufine son programme. Samedi, le maire du Havre a d\u00e9clin\u00e9 des propositions pour r\u00e9former la justice qui, \u00ab\u00a0en plus d&rsquo;\u00eatre lente, est devenu hypocrite\u00a0\u00bb.<\/p>\n<p>Car \u00ab\u00a0comme nous n\u2019arrivons pas \u00e0 construire suffisamment de places de prisons (&#8230;) et comme nous savons qu\u2019\u00eatre d\u00e9tenu dans des conditions indignes alimente la r\u00e9cidive, les juges prononcent des peines toujours plus s\u00e9v\u00e8res mais de moins en moins ex\u00e9cut\u00e9es\u00a0\u00bb, a-t-il expliqu\u00e9.<\/p>\n<p>M. Philippe d\u00e9fend \u00ab\u00a0une strat\u00e9gie d\u2019enfermement imm\u00e9diat des d\u00e9linquants, y compris pour des peines tr\u00e8s br\u00e8ves, d\u00e8s la premi\u00e8re infraction, dans des \u00e9tablissements pour courtes peines\u00a0\u00bb, comme ses d\u00e9put\u00e9s l&rsquo;ont fait adopter d\u00e9but avril. Mais aussi, a-t-il poursuivi, des \u00ab\u00a0peines planchers pour les infractions les plus graves\u00a0\u00bb.<\/p>\n<p>L&rsquo;ancien Premier ministre s&rsquo;interroge par ailleurs sur la suppression de la fonction de juge d&rsquo;application des peines. Il entend \u00e9galement donner aux maires \u00ab\u00a0des moyens accrus, y compris le droit de prononcer des amendes et de proposer des peines de r\u00e9paration\u00a0\u00bb.<\/p>\n<p>bpa\/sl\/cbn<\/p>\n","protected":false},"excerpt":{"rendered":"Des propositions pour r\u00e9former l&rsquo;institution judiciaire, un plaidoyer contre \u00ab\u00a0l&rsquo;injustice\u00a0\u00bb, en particulier envers les jeunes, et un message&hellip;\n","protected":false},"author":2,"featured_media":108427,"comment_status":"","ping_status":"","sticky":false,"template":"","format":"standard","meta":{"footnotes":""},"categories":[2814],"tags":[1111,11,22642,3080,1777,674,1011,27,7353,3228,884,12,10253,882,25],"class_list":{"0":"post-108426","1":"post","2":"type-post","3":"status-publish","4":"format-standard","5":"has-post-thumbnail","7":"category-marseille","8":"tag-actu","9":"tag-actualites","10":"tag-comte-de-monte-cristo","11":"tag-edouard-philippe","12":"tag-eu","13":"tag-europe","14":"tag-fr","15":"tag-france","16":"tag-la-liberte","17":"tag-lr","18":"tag-marseille","19":"tag-news","20":"tag-president-de-la-republique","21":"tag-provence-alpes-cote-dazur","22":"tag-republique-francaise"},"share_on_mastodon":{"url":"https:\/\/pubeurope.com\/@fr\/114526712240441861","error":""},"_links":{"self":[{"href":"https:\/\/www.europesays.com\/fr\/wp-json\/wp\/v2\/posts\/108426","targetHints":{"allow":["GET"]}}],"collection":[{"href":"https:\/\/www.europesays.com\/fr\/wp-json\/wp\/v2\/posts"}],"about":[{"href":"https:\/\/www.europesays.com\/fr\/wp-json\/wp\/v2\/types\/post"}],"author":[{"embeddable":true,"href":"https:\/\/www.europesays.com\/fr\/wp-json\/wp\/v2\/users\/2"}],"replies":[{"embeddable":true,"href":"https:\/\/www.europesays.com\/fr\/wp-json\/wp\/v2\/comments?post=108426"}],"version-history":[{"count":0,"href":"https:\/\/www.europesays.com\/fr\/wp-json\/wp\/v2\/posts\/108426\/revisions"}],"wp:featuredmedia":[{"embeddable":true,"href":"https:\/\/www.europesays.com\/fr\/wp-json\/wp\/v2\/media\/108427"}],"wp:attachment":[{"href":"https:\/\/www.europesays.com\/fr\/wp-json\/wp\/v2\/media?parent=108426"}],"wp:term":[{"taxonomy":"category","embeddable":true,"href":"https:\/\/www.europesays.com\/fr\/wp-json\/wp\/v2\/categories?post=108426"},{"taxonomy":"post_tag","embeddable":true,"href":"https:\/\/www.europesays.com\/fr\/wp-json\/wp\/v2\/tags?post=108426"}],"curies":[{"name":"wp","href":"https:\/\/api.w.org\/{rel}","templated":true}]}}