{"id":108432,"date":"2025-05-18T03:33:41","date_gmt":"2025-05-18T03:33:41","guid":{"rendered":"https:\/\/www.europesays.com\/fr\/108432\/"},"modified":"2025-05-18T03:33:41","modified_gmt":"2025-05-18T03:33:41","slug":"non-lieu-pour-les-policiers-mis-en-cause","status":"publish","type":"post","link":"https:\/\/www.europesays.com\/fr\/108432\/","title":{"rendered":"non-lieu pour les policiers mis en cause"},"content":{"rendered":"<p>Selon l\u2019ordonnance des juges d\u2019instruction, les tirs des agents \u00ab\u00e9taient absolument n\u00e9cessaires et strictement proportionn\u00e9s au regard de la situation cr\u00e9\u00e9e\u00bb par le conducteur, \u00abdu fait de ses multiples refus d\u2019obtemp\u00e9rer\u00bb.<\/p>\n<p class=\"fig-paragraph\">Les policiers qui avaient ouvert le feu en juin 2022 \u00e0 Paris apr\u00e8s le\u00a0<a href=\"http:\/\/www.lefigaro.fr\/actualite-france\/en-leger-repli-le-nombre-de-refus-d-obtemperer-reste-a-un-niveau-tres-eleve-20250501\" target=\"_blank\" data-fig-type=\"Article\" rel=\"noopener\" data-gtm-custom-categorie=\"navigation\" data-gtm-custom-action=\"crossclick\" data-gtm-custom-label=\"Contextuel\" data-gtm-event=\"customEventSPE\" data-fig-domain=\"LEFIGARO\">refus d&rsquo;obtemp\u00e9rer<\/a>\u00a0d&rsquo;un conducteur, et dont l&rsquo;un des tirs avait mortellement atteint l&rsquo;une des passag\u00e8res, ont b\u00e9n\u00e9fici\u00e9 d&rsquo;un\u00a0<a href=\"http:\/\/www.lefigaro.fr\/actualite-france\/mantes-la-jolie-non-lieu-dans-l-enquete-sur-les-conditions-d-interpellations-d-une-centaine-de-lyceens-en-2018-20250408\" target=\"_blank\" data-fig-type=\"NewsFlash\" rel=\"noopener\" data-gtm-custom-categorie=\"navigation\" data-gtm-custom-action=\"crossclick\" data-gtm-custom-label=\"Contextuel\" data-gtm-event=\"customEventSPE\" data-fig-domain=\"LEFIGARO\">non-lieu<\/a>, a appris l\u2019AFP vendredi 16 mai de source proche du dossier, confirmant une information du Parisien.<\/p>\n<p class=\"fig-paragraph\">Selon l&rsquo;ordonnance des juges d&rsquo;instruction du 5 mai, les tirs des fonctionnaires de police \u00ab\u00e9taient absolument n\u00e9cessaires et strictement proportionn\u00e9s au regard de la situation cr\u00e9\u00e9e\u00bb par le conducteur, \u00abdu fait de ses multiples refus d&rsquo;obtemp\u00e9rer, de sa d\u00e9termination \u00e0 se soustraire aux contr\u00f4les, du danger objectif qu&rsquo;il repr\u00e9sentait pour les autres usagers de la route (&#8230;) et de la menace l\u00e9gitimement per\u00e7ue par les fonctionnaires de police pour leur vie\u00bb. Plusieurs parties civiles ont indiqu\u00e9 avoir fait appel de ce non-lieu.<\/p>\n<p class=\"fig-paragraph\">Le 4 juin 2022 aux alentours de 10H45, trois policiers \u00e0 VTT avaient voulu contr\u00f4ler une Peugeot 207, dont les passagers arri\u00e8re ne portaient pas leur ceinture de s\u00e9curit\u00e9. Le conducteur n\u2019obtemp\u00e9rait pas et continuait sa route \u00e0 vive allure pendant 300 m\u00e8tres jusqu\u2019au boulevard Barb\u00e8s, dans le 18e arrondissement, relatent les magistrats instructeurs. Positionn\u00e9s autour de la voiture coinc\u00e9e dans les bouchons qui tentait de red\u00e9marrer, ils faisaient feu respectivement cinq fois, trois fois et une fois.<\/p>\n<p>\u00a0\u00bb<br \/>\n        data-script=\u00a0\u00bbhttps:\/\/static.lefigaro.fr\/widget-video\/short-ttl\/video\/index.js\u00a0\u00bb<br \/>\n    &gt;<\/p>\n<p class=\"fig-paragraph\">Seul le policier auteur des tirs d\u00e9sign\u00e9s ayant atteint mortellement \u00e0 la t\u00eate la passag\u00e8re avant du v\u00e9hicule, Rayana, et bless\u00e9 le conducteur au thorax, avait \u00e9t\u00e9 mis en examen en 2023 pour violence volontaire par personne d\u00e9positaire de l\u2019autorit\u00e9 publique ayant entra\u00een\u00e9 la mort sans intention de la donner notamment. Les deux autres policiers avaient \u00e9t\u00e9 plac\u00e9s sous le statut interm\u00e9diaire de\u00a0<a href=\"http:\/\/www.lefigaro.fr\/actualite-france\/accusations-de-viols-le-cineaste-jacques-doillon-place-sous-le-statut-de-temoin-assiste-20241206\" target=\"_blank\" data-fig-type=\"NewsFlash\" rel=\"noopener\" data-gtm-custom-categorie=\"navigation\" data-gtm-custom-action=\"crossclick\" data-gtm-custom-label=\"Contextuel\" data-gtm-event=\"customEventSPE\" data-fig-domain=\"LEFIGARO\">t\u00e9moin assist\u00e9<\/a>.<\/p>\n<p>Le mis en cause dit avoir craint pour sa vie<\/p>\n<p class=\"fig-paragraph\">Au cours de l\u2019information judiciaire, le policier auteur du tir mortel, n\u00e9 en 1990 et jamais condamn\u00e9, a expliqu\u00e9 avoir craint pour sa vie et celle de sa coll\u00e8gue lorsque la voiture avait red\u00e9marr\u00e9, et avoir \u00abconcentr\u00e9 ses tirs en direction du conducteur\u00bb. Ce que les passagers arri\u00e8re du v\u00e9hicule ont contredit, soutenant que les policiers n\u2019\u00e9taient pas en danger quand ils avaient tir\u00e9.<\/p>\n<p class=\"fig-paragraph\">\u00abLa famille de Rayana est sid\u00e9r\u00e9e et se sent profond\u00e9ment m\u00e9pris\u00e9e par les termes approximatifs de cette d\u00e9cision dont la motivation est particuli\u00e8rement lacunaire et mince\u00bb, a r\u00e9agi aupr\u00e8s de l\u2019AFP Me Florian Lastelle, avocat de la famille de Rayana, qui avait 21 ans au moment de son d\u00e9c\u00e8s. \u00ab\u201cSelon que vous soyez puissant ou mis\u00e9rable, les jugements de cour vous rendront blanc ou noir\u201d\u00bb. Cette triste morale d\u2019une fable de La Fontaine est incarn\u00e9e par cette d\u00e9cision de non-lieu. La supr\u00e9matie des syndicats est ici plus forte que le droit\u00a0\u00bb, a r\u00e9agi Me Marie Violleau, avocate de la passag\u00e8re arri\u00e8re, partie civile.<\/p>\n","protected":false},"excerpt":{"rendered":"Selon l\u2019ordonnance des juges d\u2019instruction, les tirs des agents \u00ab\u00e9taient absolument n\u00e9cessaires et strictement proportionn\u00e9s au regard de&hellip;\n","protected":false},"author":2,"featured_media":108433,"comment_status":"","ping_status":"","sticky":false,"template":"","format":"standard","meta":{"footnotes":""},"categories":[1888],"tags":[119,1111,1928,11,1927,3694,271,2951,3695,1777,674,3696,118,1011,27,2825,1253,303,12,1926,626,1925,1072,2694,2852,25,2949],"class_list":{"0":"post-108432","1":"post","2":"type-post","3":"status-publish","4":"format-standard","5":"has-post-thumbnail","7":"category-paris","8":"tag-accident","9":"tag-actu","10":"tag-actu-paris","11":"tag-actualites","12":"tag-actualites-paris","13":"tag-affaires","14":"tag-crime","15":"tag-criminalite","16":"tag-enquetes","17":"tag-eu","18":"tag-europe","19":"tag-evenements","20":"tag-faits-divers","21":"tag-fr","22":"tag-france","23":"tag-insecurite","24":"tag-islamisme","25":"tag-justice","26":"tag-news","27":"tag-news-paris","28":"tag-paris","29":"tag-paris-news","30":"tag-police","31":"tag-proces","32":"tag-refus-dobtemperer","33":"tag-republique-francaise","34":"tag-violences"},"share_on_mastodon":{"url":"https:\/\/pubeurope.com\/@fr\/114526735770775807","error":""},"_links":{"self":[{"href":"https:\/\/www.europesays.com\/fr\/wp-json\/wp\/v2\/posts\/108432","targetHints":{"allow":["GET"]}}],"collection":[{"href":"https:\/\/www.europesays.com\/fr\/wp-json\/wp\/v2\/posts"}],"about":[{"href":"https:\/\/www.europesays.com\/fr\/wp-json\/wp\/v2\/types\/post"}],"author":[{"embeddable":true,"href":"https:\/\/www.europesays.com\/fr\/wp-json\/wp\/v2\/users\/2"}],"replies":[{"embeddable":true,"href":"https:\/\/www.europesays.com\/fr\/wp-json\/wp\/v2\/comments?post=108432"}],"version-history":[{"count":0,"href":"https:\/\/www.europesays.com\/fr\/wp-json\/wp\/v2\/posts\/108432\/revisions"}],"wp:featuredmedia":[{"embeddable":true,"href":"https:\/\/www.europesays.com\/fr\/wp-json\/wp\/v2\/media\/108433"}],"wp:attachment":[{"href":"https:\/\/www.europesays.com\/fr\/wp-json\/wp\/v2\/media?parent=108432"}],"wp:term":[{"taxonomy":"category","embeddable":true,"href":"https:\/\/www.europesays.com\/fr\/wp-json\/wp\/v2\/categories?post=108432"},{"taxonomy":"post_tag","embeddable":true,"href":"https:\/\/www.europesays.com\/fr\/wp-json\/wp\/v2\/tags?post=108432"}],"curies":[{"name":"wp","href":"https:\/\/api.w.org\/{rel}","templated":true}]}}