{"id":108440,"date":"2025-05-18T03:37:22","date_gmt":"2025-05-18T03:37:22","guid":{"rendered":"https:\/\/www.europesays.com\/fr\/108440\/"},"modified":"2025-05-18T03:37:22","modified_gmt":"2025-05-18T03:37:22","slug":"ce-precedent-invoque-par-moscou-naugure-rien-de-bon-pour-la-suite-des-negociations","status":"publish","type":"post","link":"https:\/\/www.europesays.com\/fr\/108440\/","title":{"rendered":"ce pr\u00e9c\u00e9dent invoqu\u00e9 par Moscou n\u2019augure rien de bon pour la suite des n\u00e9gociations"},"content":{"rendered":"<p>INTERNATIONAL &#8211; 3\u00a0ans, 2 mois et 21 jours. C\u2019est le temps qui s\u2019est \u00e9coul\u00e9 depuis le d\u00e9but de l\u2019invasion russe de l\u2019Ukraine en f\u00e9vrier\u00a02022. Et apr\u00e8s des <a href=\"https:\/\/fr.news.yahoo.com\/pourparlers-paix-ukraine-russie-point-141040880.html\" data-ylk=\"slk:n\u00e9gociations directes \u00e0 Istanbul entre Russes et Ukrainiens;elm:context_link;itc:0;sec:content-canvas;outcm:mb_qualified_link;_E:mb_qualified_link;ct:story;\" class=\"link  yahoo-link\" target=\"_blank\" rel=\"noopener\">n\u00e9gociations directes \u00e0 Istanbul entre Russes et Ukrainiens<\/a> \u2013 une premi\u00e8re depuis mai\u00a02022 \u2013 rien ne semble indiquer une fin imminente du conflit.<\/p>\n<p>Et pour cause, une d\u00e9claration l\u00e2ch\u00e9e par le <a href=\"https:\/\/fr.news.yahoo.com\/pourparlers-entre-russie-l-ukraine-041011099.html\" data-ylk=\"slk:n\u00e9gociateur en chef de la Russie;elm:context_link;itc:0;sec:content-canvas;outcm:mb_qualified_link;_E:mb_qualified_link;ct:story;\" class=\"link  yahoo-link\" target=\"_blank\" rel=\"noopener\">n\u00e9gociateur en chef de la Russie<\/a> dans les <a href=\"https:\/\/fr.news.yahoo.com\/guerre-ukraine-zelensky-invers%C3%A9-rapport-150516627.html\" data-ylk=\"slk:n\u00e9gociations de paix avec l\u2019Ukraine;elm:context_link;itc:0;sec:content-canvas;outcm:mb_qualified_link;_E:mb_qualified_link;ct:story;\" class=\"link  yahoo-link\" target=\"_blank\" rel=\"noopener\">n\u00e9gociations de paix avec l\u2019Ukraine<\/a> laisse entendre que Vladimir Poutine ne compte pas arr\u00eater cette guerre, faisant planer le risque d\u2019une guerre qui pourrait encore durer plusieurs ann\u00e9es. C\u2019est ce qu\u2019a clairement laiss\u00e9 entendre Vladimir Medinsky vendredi, lorsqu\u2019il a cit\u00e9 la Grande guerre du Nord remport\u00e9e par Pierre le Grand au d\u00e9but du XVIIIe\u00a0si\u00e8cle. Avec un message\u00a0: la Russie fera durer le conflit aussi longtemps que n\u00e9cessaire pour gagner.<\/p>\n<p><a href=\"https:\/\/fr.news.yahoo.com\/russie-l-ukraine-bien-pass%C3%A9-092634569.html\" data-ylk=\"slk:La Russie et l\u2019Ukraine ont bien pass\u00e9 un accord, mais il ne s\u2019agit pas d\u2019une tr\u00eave;elm:context_link;itc:0;sec:content-canvas;outcm:mb_qualified_link;_E:mb_qualified_link;ct:story;\" class=\"link  yahoo-link\" target=\"_blank\" rel=\"noopener\"> La Russie et l\u2019Ukraine ont bien pass\u00e9 un accord, mais il ne s\u2019agit pas d\u2019une tr\u00eave <\/a><\/p>\n<p>Selon ces propos rapport\u00e9s notamment par <a href=\"https:\/\/www.themoscowtimes.com\/2025\/05\/16\/kremlin-negotiator-invokes-peter-the-greats-21-year-war-with-sweden-in-ukraine-talks-a89109\" rel=\"nofollow noopener\" target=\"_blank\" data-ylk=\"slk:The Moscow Times;elm:context_link;itc:0;sec:content-canvas\" class=\"link \">The Moscow Times<\/a> et relay\u00e9s par <a href=\"https:\/\/www.theguardian.com\/world\/2025\/may\/17\/kremlin-cites-past-wars-as-it-threatens-long-conflict-in-ukraine\" rel=\"nofollow noopener\" target=\"_blank\" data-ylk=\"slk:The Guardian;elm:context_link;itc:0;sec:content-canvas\" class=\"link \">The Guardian<\/a> ce samedi 17\u00a0mai, Vladimir Medinsky a d\u2019abord indiqu\u00e9<a href=\"https:\/\/t.me\/navideovidno\/87884\" rel=\"nofollow noopener\" target=\"_blank\" data-ylk=\"slk:face \u00e0 l\u2019animateur de t\u00e9l\u00e9vision pro-Kremlin Evgueni Popov;elm:context_link;itc:0;sec:content-canvas\" class=\"link \"> face \u00e0 l\u2019animateur de t\u00e9l\u00e9vision pro-Kremlin Evgueni Popov<\/a> \u00eatre \u00ab\u00a0satisfait des r\u00e9sultats et pr\u00eat \u00e0 poursuivre les contacts\u00a0\u00bb apr\u00e8s les n\u00e9gociations \u00e0 Istanbul. Avant d\u2019ajouter\u00a0: \u00ab\u00a0La Grande Guerre du Nord contre la Su\u00e8de a dur\u00e9 21\u00a0ans. Vingt et un ans. Mais quelques ann\u00e9es seulement apr\u00e8s son d\u00e9clenchement, Pierre le Grand a propos\u00e9 la paix aux Su\u00e9dois\u2026 Que leur ont r\u00e9pondu les Su\u00e9dois\u00a0? \u201cNon, nous nous battrons jusqu\u2019au dernier Su\u00e9dois\u201d.\u00a0\u00bb<\/p>\n<p>Selon une source cit\u00e9e par un correspondant du journal am\u00e9ricain The Economist, Vladimir Medinsky aurait m\u00eame d\u00e9clar\u00e9 durant les n\u00e9gociations directes son pays \u00e9tait pr\u00eat \u00e0 se \u00ab\u00a0battre pendant un an, deux, trois ans, aussi longtemps que n\u00e9cessaire\u00a0\u00bb. \u00ab\u00a0Nous avons combattu la Su\u00e8de pendant 21\u00a0ans. Combien de temps \u00eates-vous pr\u00eats \u00e0 vous battre\u00a0?\u00a0\u00bb<\/p>\n<blockquote placeholder=\"\" data-theme=\"light\" class=\"twitter-tweet\">\n<p>Have an inside view into the Russia-UA talks from a well-placed source. This from Ru delegation head Medinsky says it all: \u201cWe don\u2019t want war, but we\u2019re ready to fight for a year, two, three\u2014however long it takes. We fought Sweden for 21 years. How long are you ready to fight?\u201d<\/p>\n<p>\u2014 Oliver Carroll (@olliecarroll) <a href=\"https:\/\/twitter.com\/olliecarroll\/status\/1923357966880604303?ref_src=twsrc%5Etfw\" rel=\"nofollow noopener\" target=\"_blank\" data-ylk=\"slk:May 16, 2025;elm:context_link;itc:0;sec:content-canvas\" class=\"link \">May 16, 2025<\/a><\/p>\n<\/blockquote>\n<p>Un parall\u00e8le troublant, alors que la guerre men\u00e9e entre 1700 et 1721 avait commenc\u00e9 par \u00ab\u00a0des d\u00e9faites humiliantes pour Moscou\u00a0\u00bb, rappelle The Guardian. \u00ab\u00a0L\u2019arm\u00e9e tsariste russe \u00e9tait mal pr\u00e9par\u00e9e, mal arm\u00e9e et facilement d\u00e9jou\u00e9e. Mais au lieu de reculer, Pierre Ier s\u2019enfon\u00e7a. Il enr\u00f4la des paysans par dizaines de milliers, consacra des ressources \u00e0 la reconstruction de son arm\u00e9e et attendit. Vingt et un ans plus tard, il sortit victorieux\u00a0\u00bb, rappelle le journal britannique, que souligne que ce conflit est rarement cit\u00e9 comme un exemple.<\/p>\n<p>Appel entre Trump et Poutine lundi<\/p>\n<p>Dans ce contexte de n\u00e9gociations encore infructueuses pour \u00ab\u00a0mettre fin au bain de sang\u00a0\u00bb en Ukraine, Donald Trump a annonc\u00e9 ce samedi qu\u2019il parlerait par t\u00e9l\u00e9phone lundi au pr\u00e9sident russe Vladimir Poutine. En esp\u00e9rant \u00ab\u00a0une journ\u00e9e productive, qu\u2019un cessez-le-feu aura lieu, et que cette guerre tr\u00e8s violente \u2013 une guerre qui n\u2019aurait jamais d\u00fb se produire \u2013 prenne fin\u00a0\u00bb.<\/p>\n<p>Peu de temps avant, le Kremlin a d\u00e9clar\u00e9 qu\u2019<a href=\"https:\/\/fr.news.yahoo.com\/vladimir-poutine-ne-rencontrera-volodymyr-202714926.html\" data-ylk=\"slk:une rencontre entre Vladimir Poutine et Volodymyr Zelensky;elm:context_link;itc:0;sec:content-canvas;outcm:mb_qualified_link;_E:mb_qualified_link;ct:story;\" class=\"link  yahoo-link\" target=\"_blank\" rel=\"noopener\">une rencontre entre Vladimir Poutine et Volodymyr Zelensky<\/a> ne serait \u00ab\u00a0possible\u00a0\u00bb qu\u2019apr\u00e8s que Moscou et Kiev aient trouv\u00e9 des \u00ab\u00a0accords\u00a0\u00bb. Dans quels domaines\u00a0? \u00c0 quelle \u00e9ch\u00e9ance\u00a0? Myst\u00e8re. D\u2019\u00e9ventuels accords semblent en tout cas difficilement envisageables apr\u00e8s l\u2019\u00e9chec d\u2019Istanbul. Sur le terrain ce samedi, une attaque russe de drone sur un minibus transportant des civils dans le nord de l\u2019Ukraine a fait neuf morts et quatre bless\u00e9s.<\/p>\n<p>Malgr\u00e9 la pression que tentent d\u2019exercer les alli\u00e9s de Kiev <a href=\"https:\/\/fr.news.yahoo.com\/guerre-ukraine-face-%C3%A0-poutine-154517815.html\" data-ylk=\"slk:en mena\u00e7ant Moscou de nouvelles sanctions;elm:context_link;itc:0;sec:content-canvas;outcm:mb_qualified_link;_E:mb_qualified_link;ct:story;\" class=\"link  yahoo-link\" target=\"_blank\" rel=\"noopener\">en mena\u00e7ant Moscou de nouvelles sanctions<\/a>, les hostilit\u00e9s se poursuivent sur le front et laissent peu d\u2019espace pour entrevoir la paix. Ce samedi n\u00e9anmoins, Marco Rubio, le secr\u00e9taire d\u2019\u00c9tat am\u00e9ricain, a remis la pression sur Vladimir Poutine en relayant \u00ab\u00a0l\u2019appel de Trump pour un cessez-le-feu imm\u00e9diat\u00a0\u00bb. Laissant percevoir l\u2019impatience grandissante de Washington face aux coups freins impos\u00e9s par le Kremlin pour ralentir le processus de paix \u00e0 Istanbul et mener les n\u00e9gociations uniquement selon ses propres termes.<\/p>\n<p><strong>\u00c0 voir \u00e9galement sur Le HuffPost\u00a0:<\/strong><\/p>\n<p><a href=\"https:\/\/fr.news.yahoo.com\/volodymyr-zelensky-n-s%C3%BBr-participer-070104245.html\" data-ylk=\"slk:Volodymyr Zelensky n\u2019est pas s\u00fbr de participer aux discussions de paix avec la Russie, organis\u00e9es en Turquie;elm:context_link;itc:0;sec:content-canvas;outcm:mb_qualified_link;_E:mb_qualified_link;ct:story;\" class=\"link  yahoo-link\" target=\"_blank\" rel=\"noopener\"> Volodymyr Zelensky n\u2019est pas s\u00fbr de participer aux discussions de paix avec la Russie, organis\u00e9es en Turquie <\/a><\/p>\n<p><a href=\"https:\/\/fr.news.yahoo.com\/russie-d%C3%A9nonce-l-ultimatum-occidental-131947497.html\" data-ylk=\"slk:La Russie d\u00e9nonce \u00ab\u00a0l\u2019ultimatum\u00a0\u00bb occidental pour un cessez-le-feu (mais sans r\u00e9pondre \u00e0 Volodymyr Zelensky);elm:context_link;itc:0;sec:content-canvas;outcm:mb_qualified_link;_E:mb_qualified_link;ct:story;\" class=\"link  yahoo-link\" target=\"_blank\" rel=\"noopener\"> La Russie d\u00e9nonce \u00ab\u00a0l\u2019ultimatum\u00a0\u00bb occidental pour un cessez-le-feu (mais sans r\u00e9pondre \u00e0 Volodymyr Zelensky) <\/a><\/p>\n<p><script async src=\"https:\/\/platform.twitter.com\/widgets.js\" charset=\"utf-8\"><\/script><\/p>\n","protected":false},"excerpt":{"rendered":"INTERNATIONAL &#8211; 3\u00a0ans, 2 mois et 21 jours. C\u2019est le temps qui s\u2019est \u00e9coul\u00e9 depuis le d\u00e9but de&hellip;\n","protected":false},"author":2,"featured_media":108441,"comment_status":"","ping_status":"","sticky":false,"template":"","format":"standard","meta":{"footnotes":""},"categories":[1590],"tags":[11,1777,674,22644,5886,7403,12,220,22643,135],"class_list":{"0":"post-108440","1":"post","2":"type-post","3":"status-publish","4":"format-standard","5":"has-post-thumbnail","7":"category-ukraine","8":"tag-actualites","9":"tag-eu","10":"tag-europe","11":"tag-grande-guerre-du-nord","12":"tag-istanbul","13":"tag-la-guerre","14":"tag-news","15":"tag-ukraine","16":"tag-vladimir-medinsky","17":"tag-vladimir-poutine"},"share_on_mastodon":{"url":"https:\/\/pubeurope.com\/@fr\/114526751517466751","error":""},"_links":{"self":[{"href":"https:\/\/www.europesays.com\/fr\/wp-json\/wp\/v2\/posts\/108440","targetHints":{"allow":["GET"]}}],"collection":[{"href":"https:\/\/www.europesays.com\/fr\/wp-json\/wp\/v2\/posts"}],"about":[{"href":"https:\/\/www.europesays.com\/fr\/wp-json\/wp\/v2\/types\/post"}],"author":[{"embeddable":true,"href":"https:\/\/www.europesays.com\/fr\/wp-json\/wp\/v2\/users\/2"}],"replies":[{"embeddable":true,"href":"https:\/\/www.europesays.com\/fr\/wp-json\/wp\/v2\/comments?post=108440"}],"version-history":[{"count":0,"href":"https:\/\/www.europesays.com\/fr\/wp-json\/wp\/v2\/posts\/108440\/revisions"}],"wp:featuredmedia":[{"embeddable":true,"href":"https:\/\/www.europesays.com\/fr\/wp-json\/wp\/v2\/media\/108441"}],"wp:attachment":[{"href":"https:\/\/www.europesays.com\/fr\/wp-json\/wp\/v2\/media?parent=108440"}],"wp:term":[{"taxonomy":"category","embeddable":true,"href":"https:\/\/www.europesays.com\/fr\/wp-json\/wp\/v2\/categories?post=108440"},{"taxonomy":"post_tag","embeddable":true,"href":"https:\/\/www.europesays.com\/fr\/wp-json\/wp\/v2\/tags?post=108440"}],"curies":[{"name":"wp","href":"https:\/\/api.w.org\/{rel}","templated":true}]}}