{"id":108442,"date":"2025-05-18T03:38:12","date_gmt":"2025-05-18T03:38:12","guid":{"rendered":"https:\/\/www.europesays.com\/fr\/108442\/"},"modified":"2025-05-18T03:38:12","modified_gmt":"2025-05-18T03:38:12","slug":"pourquoi-donald-trump-est-un-ami-si-deroutant-pour-israel","status":"publish","type":"post","link":"https:\/\/www.europesays.com\/fr\/108442\/","title":{"rendered":"Pourquoi Donald Trump est un ami si d\u00e9routant pour Isra\u00ebl"},"content":{"rendered":"\n<p>Comme le soleil, immuable et \u00e9ternel, se l\u00e8ve \u00e0 l\u2019est et se couche \u00e0 l\u2019ouest, c\u2019\u00e9tait une certitude\u00a0: un pr\u00e9sident r\u00e9publicain soutiendra toujours Isra\u00ebl \u2013 comme un pr\u00e9sident d\u00e9mocrate d\u2019ailleurs, tout en se voyant accus\u00e9 du contraire.<\/p>\n<p>Pourtant, alors que Donald Trump est <a href=\"https:\/\/www.courrierinternational.com\/article\/etats-unis-milliards-et-palace-aerien-les-affaires-au-c-ur-de-la-tournee-de-trump-dans-le-golfe_230792\" rel=\"nofollow noopener\" target=\"_blank\">en tourn\u00e9e au Moyen-Orient<\/a> cette semaine, il ne passera pas en Isra\u00ebl, et les pressions du gouvernement N\u00e9tanyahou n\u2019y ont rien fait. Il a r\u00e9cemment n\u00e9goci\u00e9 <a href=\"https:\/\/www.courrierinternational.com\/article\/yemen-dans-le-cessez-le-feu-entre-washington-et-les-houthistes-chacun-voit-ce-qu-il-veut_230665\" rel=\"nofollow noopener\" target=\"_blank\">un cessez-le-feu avec les houthistes<\/a> au Y\u00e9men, bien qu\u2019ils affirment ouvertement vouloir continuer leurs frappes contre l\u2019\u00c9tat h\u00e9breu. Il a m\u00eame renvoy\u00e9 son conseiller \u00e0 la s\u00e9curit\u00e9 nationale, Mike Waltz, notamment parce qu\u2019il aurait, dit-on, commis le p\u00e9ch\u00e9 de coordonner des frappes potentielles contre des sites nucl\u00e9aires iraniens avec des responsables isra\u00e9liens, sans l\u2019avoir consult\u00e9.<\/p>\n<p>Trump n\u2019est certainement pas sur le point de couper les ponts avec Isra\u00ebl (et dans tous les cas, pas pour les raisons humanitaires que beaucoup esp\u00e8rent \u00e0 gauche), mais il est de plus en plus clair, \u00e0 son comportement, que son credo \u201cL\u2019Am\u00e9rique d\u2019abord\u201d ne conna\u00eetra pas d\u2019exception pour Isra\u00ebl.<\/p>\n<p> Un premier mandat id\u00e9al pour Isra\u00ebl <\/p>\n<p>Il \u00e9tait pourtant assez naturel d\u2019attendre de son administration des positions farouchement pro-isra\u00e9liennes. De fait, les mesures de sa premi\u00e8re pr\u00e9sidence n\u2019auraient pas pu \u00eatre plus appr\u00e9ci\u00e9es par le gouvernement N\u00e9tanyahou. Non content de retirer les \u00c9tats-Unis de l\u2019accord de Vienne, Trump avait impos\u00e9 des \u201csanctions maximales\u201d et m\u00eame accru les pressions militaires contre l\u2019Iran, jusqu\u2019\u00e0 faire assassiner le puissant g\u00e9n\u00e9ral iranien Qassem Soleimani.<\/p>\n<p>Dans le champ de la diplomatie, Trump avait fait d\u00e9m\u00e9nager \u00e0 J\u00e9rusalem l\u2019ambassade am\u00e9ricaine en Isra\u00ebl, et ses accords d\u2019Abraham ambitionnaient, pour la premi\u00e8re fois, de permettre aux pays du Golfe et \u00e0 Isra\u00ebl d\u2019afficher leur d\u00e9but de rapprochement contre l\u2019Iran. Isra\u00ebl n\u2019aurait gu\u00e8re pu r\u00eaver mieux. Pour la plupart des sp\u00e9cialistes de politique \u00e9trang\u00e8re durant la campagne pour la pr\u00e9sidentielle am\u00e9ricaine, c\u2019\u00e9tait une \u00e9vidence\u00a0: Trump, r\u00e9\u00e9lu, apporterait un s<\/p>\n","protected":false},"excerpt":{"rendered":"Comme le soleil, immuable et \u00e9ternel, se l\u00e8ve \u00e0 l\u2019est et se couche \u00e0 l\u2019ouest, c\u2019\u00e9tait une certitude\u00a0:&hellip;\n","protected":false},"author":2,"featured_media":108443,"comment_status":"","ping_status":"","sticky":false,"template":"","format":"standard","meta":{"footnotes":""},"categories":[1589],"tags":[11,3822,75,73,1866,1892,16785,3257,12,770,1864,1865,1863,308],"class_list":{"0":"post-108442","1":"post","2":"type-post","3":"status-publish","4":"format-standard","5":"has-post-thumbnail","7":"category-etats-unis","8":"tag-actualites","9":"tag-amu00e9riques","10":"tag-donald-trump","11":"tag-etats-unis","12":"tag-etats-unis-damerique","13":"tag-gu00e9opolitique","14":"tag-israu00ebl","15":"tag-moyen-orient","16":"tag-news","17":"tag-u00e9tats-unis","18":"tag-united-states","19":"tag-united-states-of-america","20":"tag-us","21":"tag-usa"},"share_on_mastodon":{"url":"https:\/\/pubeurope.com\/@fr\/114526755427402247","error":""},"_links":{"self":[{"href":"https:\/\/www.europesays.com\/fr\/wp-json\/wp\/v2\/posts\/108442","targetHints":{"allow":["GET"]}}],"collection":[{"href":"https:\/\/www.europesays.com\/fr\/wp-json\/wp\/v2\/posts"}],"about":[{"href":"https:\/\/www.europesays.com\/fr\/wp-json\/wp\/v2\/types\/post"}],"author":[{"embeddable":true,"href":"https:\/\/www.europesays.com\/fr\/wp-json\/wp\/v2\/users\/2"}],"replies":[{"embeddable":true,"href":"https:\/\/www.europesays.com\/fr\/wp-json\/wp\/v2\/comments?post=108442"}],"version-history":[{"count":0,"href":"https:\/\/www.europesays.com\/fr\/wp-json\/wp\/v2\/posts\/108442\/revisions"}],"wp:featuredmedia":[{"embeddable":true,"href":"https:\/\/www.europesays.com\/fr\/wp-json\/wp\/v2\/media\/108443"}],"wp:attachment":[{"href":"https:\/\/www.europesays.com\/fr\/wp-json\/wp\/v2\/media?parent=108442"}],"wp:term":[{"taxonomy":"category","embeddable":true,"href":"https:\/\/www.europesays.com\/fr\/wp-json\/wp\/v2\/categories?post=108442"},{"taxonomy":"post_tag","embeddable":true,"href":"https:\/\/www.europesays.com\/fr\/wp-json\/wp\/v2\/tags?post=108442"}],"curies":[{"name":"wp","href":"https:\/\/api.w.org\/{rel}","templated":true}]}}