{"id":108456,"date":"2025-05-18T03:45:08","date_gmt":"2025-05-18T03:45:08","guid":{"rendered":"https:\/\/www.europesays.com\/fr\/108456\/"},"modified":"2025-05-18T03:45:08","modified_gmt":"2025-05-18T03:45:08","slug":"oreus-ai-un-supercalculateur-ia-pour-la-france","status":"publish","type":"post","link":"https:\/\/www.europesays.com\/fr\/108456\/","title":{"rendered":"Or\u00e9us AI, un supercalculateur IA pour la France"},"content":{"rendered":"<p>En f\u00e9vrier dernier, l&rsquo;annonce par <a href=\"https:\/\/www.latribune.fr\/economie\/france\/emmanuel-macron-sur-tf1-ces-deux-propositions-plebiscitees-par-les-francais-1025123.html\" target=\"_blank\" rel=\"noopener\">le pr\u00e9sident de la R\u00e9publique<\/a> d&rsquo;un plan de 109\u202fmilliards d&rsquo;euros d\u00e9volu \u00e0 l&rsquo;<a href=\"https:\/\/www.latribune.fr\/entreprises-finance\/industrie\/l-intelligence-artificielle-guide-les-recrutements-dans-l-industrie-1018587.html\" target=\"_blank\" rel=\"noopener\">intelligence artificielle<\/a> a fait grand bruit, tout comme l&rsquo;accord sign\u00e9 dans ce cadre avec les \u00c9mirats arabes unis pour un montant de 50\u202fmilliards d&rsquo;euros. Cent jours apr\u00e8s le sommet de l&rsquo;IA, les promesses se concr\u00e9tisent. Lundi 19 mai, lors de <a href=\"https:\/\/www.latribune.fr\/economie\/france\/choose-france-ces-patrons-qui-seront-presents-a-l-evenement-1025174.html\" target=\"_blank\" rel=\"noopener\">Choose France<\/a>, de nouveaux projets d&rsquo;investissement seront officialis\u00e9s, d&rsquo;autres confirm\u00e9s, comme celui men\u00e9 par Or\u00e9us AI.<\/p>\n<p>Ce consortium est n\u00e9 en d\u00e9but d&rsquo;ann\u00e9e, port\u00e9 notamment par Sabrina Agresti-Roubache, l&rsquo;ancienne secr\u00e9taire d&rsquo;\u00c9tat en charge de la Citoyennet\u00e9 et de la Ville, tr\u00e8s vite retourn\u00e9e dans le priv\u00e9 apr\u00e8s son exp\u00e9rience gouvernementale, et par Kevin Polizzi, le fondateur d&rsquo;Unitel, sp\u00e9cialiste du cloud et des t\u00e9l\u00e9communications. Les int\u00e9r\u00eats \u00e9miratis, pr\u00e9cis\u00e9ment ceux de Core42, filiale du groupe G42, sp\u00e9cialiste de l&rsquo;<a href=\"https:\/\/www.latribune.fr\/idees\/tribunes\/opinion-et-la-chine-democratisa-l-intelligence-artificielle-1021859.html\" target=\"_blank\" rel=\"noopener\">IA<\/a>, ont rapidement crois\u00e9 ceux du consortium fran\u00e7ais.<\/p>\n","protected":false},"excerpt":{"rendered":"En f\u00e9vrier dernier, l&rsquo;annonce par le pr\u00e9sident de la R\u00e9publique d&rsquo;un plan de 109\u202fmilliards d&rsquo;euros d\u00e9volu \u00e0 l&rsquo;intelligence&hellip;\n","protected":false},"author":2,"featured_media":108457,"comment_status":"","ping_status":"","sticky":false,"template":"","format":"standard","meta":{"footnotes":""},"categories":[4],"tags":[17,11,16212,1011,27,3102,12,22647,471,25,22648],"class_list":{"0":"post-108456","1":"post","2":"type-post","3":"status-publish","4":"format-standard","5":"has-post-thumbnail","7":"category-france","8":"tag-17","9":"tag-actualites","10":"tag-ai","11":"tag-fr","12":"tag-france","13":"tag-la-tribune-dimanche","14":"tag-news","15":"tag-oreus","16":"tag-pour","17":"tag-republique-francaise","18":"tag-supercalculateur"},"share_on_mastodon":{"url":"https:\/\/pubeurope.com\/@fr\/114526783037848378","error":""},"_links":{"self":[{"href":"https:\/\/www.europesays.com\/fr\/wp-json\/wp\/v2\/posts\/108456","targetHints":{"allow":["GET"]}}],"collection":[{"href":"https:\/\/www.europesays.com\/fr\/wp-json\/wp\/v2\/posts"}],"about":[{"href":"https:\/\/www.europesays.com\/fr\/wp-json\/wp\/v2\/types\/post"}],"author":[{"embeddable":true,"href":"https:\/\/www.europesays.com\/fr\/wp-json\/wp\/v2\/users\/2"}],"replies":[{"embeddable":true,"href":"https:\/\/www.europesays.com\/fr\/wp-json\/wp\/v2\/comments?post=108456"}],"version-history":[{"count":0,"href":"https:\/\/www.europesays.com\/fr\/wp-json\/wp\/v2\/posts\/108456\/revisions"}],"wp:featuredmedia":[{"embeddable":true,"href":"https:\/\/www.europesays.com\/fr\/wp-json\/wp\/v2\/media\/108457"}],"wp:attachment":[{"href":"https:\/\/www.europesays.com\/fr\/wp-json\/wp\/v2\/media?parent=108456"}],"wp:term":[{"taxonomy":"category","embeddable":true,"href":"https:\/\/www.europesays.com\/fr\/wp-json\/wp\/v2\/categories?post=108456"},{"taxonomy":"post_tag","embeddable":true,"href":"https:\/\/www.europesays.com\/fr\/wp-json\/wp\/v2\/tags?post=108456"}],"curies":[{"name":"wp","href":"https:\/\/api.w.org\/{rel}","templated":true}]}}