{"id":108464,"date":"2025-05-18T03:51:10","date_gmt":"2025-05-18T03:51:10","guid":{"rendered":"https:\/\/www.europesays.com\/fr\/108464\/"},"modified":"2025-05-18T03:51:10","modified_gmt":"2025-05-18T03:51:10","slug":"motogp-la-generosite-de-quartararo-na-degal-que-son-talent-il-offre-la-montre-de-la-pole-position","status":"publish","type":"post","link":"https:\/\/www.europesays.com\/fr\/108464\/","title":{"rendered":"MotoGP la g\u00e9n\u00e9rosit\u00e9 de Quartararo n&rsquo;a d&rsquo;\u00e9gal que son talent, il offre la montre de la pole position !"},"content":{"rendered":"<p>C\u2019est peu de temps apr\u00e8s avoir d\u00e9croch\u00e9 sa pole position lors du Grand-Prix de France de MotoGP, que Fabio Quartararo a organis\u00e9 un concours. Dans quel but ? Et bien pour permettre \u00e0 l\u2019un des membres de son \u00e9quipe de remporter la montre symbolisant sa pole position, au Mans. Et l\u2019heureux gagnant \u00e9tait pour le moins ravi de se pr\u00e9sent : Danielle Grelli ne s\u2019attendait vraiment pas \u00e0 avoir autant de chance de remporter la montre de la pole position de Fabio au Mans, pouvions-nous lire dans le commentaire de Yamaha, sur le billet post\u00e9 sur les r\u00e9seau sociaux. Voici la s\u00e9quence en question, en vid\u00e9o.<\/p>\n<blockquote class=\"twitter-tweet\">\n<p dir=\"ltr\" lang=\"en\">Danielle Grelli truly didn\u2019t expect that he would be so lucky to win Fabio\u2019s Le Mans pole position watch \ud83c\udf40\u231a\ufe0f\ud83e\udef6<a href=\"https:\/\/twitter.com\/hashtag\/MonsterYamaha?src=hash&amp;ref_src=twsrc%5Etfw\" target=\"_blank\" rel=\"noopener\">#MonsterYamaha<\/a> | <a href=\"https:\/\/twitter.com\/hashtag\/YamahaMotoGP?src=hash&amp;ref_src=twsrc%5Etfw\" target=\"_blank\" rel=\"noopener\">#YamahaMotoGP<\/a> | <a href=\"https:\/\/twitter.com\/hashtag\/YamahaFactoryRacing?src=hash&amp;ref_src=twsrc%5Etfw\" target=\"_blank\" rel=\"noopener\">#YamahaFactoryRacing<\/a> | <a href=\"https:\/\/twitter.com\/hashtag\/MotoGP?src=hash&amp;ref_src=twsrc%5Etfw\" target=\"_blank\" rel=\"noopener\">#MotoGP<\/a> | <a href=\"https:\/\/twitter.com\/hashtag\/FrenchGP?src=hash&amp;ref_src=twsrc%5Etfw\" target=\"_blank\" rel=\"noopener\">#FrenchGP<\/a> <a href=\"https:\/\/t.co\/arIUSToyMq\" target=\"_blank\">pic.twitter.com\/arIUSToyMq<\/a><\/p>\n<p>\u2014 Monster Energy Yamaha MotoGP (@YamahaMotoGP) <a href=\"https:\/\/twitter.com\/YamahaMotoGP\/status\/1923692162769719361?ref_src=twsrc%5Etfw\" target=\"_blank\" rel=\"noopener\">May 17, 2025<\/a><\/p>\n<\/blockquote>\n<p>Article publi\u00e9 le 18\/05\/2025 \u00e0 5h36<\/p>\n<p>                                            <img loading=\"lazy\" alt=\"\" class=\"avatar avatar-100 photo lazyload\" height=\"100\" width=\"100\" decoding=\"async\" src=\"https:\/\/www.europesays.com\/fr\/wp-content\/uploads\/2025\/05\/1747540270_283_ffbb894c35ea5189d599d4ea062c98b86ffb67cc602fa683ebcbf422a80fc47a\"  data-eio-rwidth=\"100\" data-eio-rheight=\"100\"\/><\/p>\n<p class=\"h2\">\n                                            Julien Barthet\n                                        <\/p>\n<p>R\u00e9dacteur professionnel, titulaire de la carte de presse pendant 3 ans. Fondateur\/Directeur et R\u00e9dacteur en chef Le Mag Sport Auto et LeMagJeuxHighTech.com.&#13;<br \/>\nEx-Pilote automobile : 55 courses (Formule Ford, F.Campus, Coupe 206 Sprint et Relais, Saxo, Ford Fiesta Allemagne, Mitjet) 1 Victoire. Essais F3, Nascar Euro, Caterham, F.Renault, etc.<\/p>\n<p>                                                                                                                            <a href=\"https:\/\/lemagsportauto.ouest-france.fr\/author\/lmsa_adm\/\" title=\"Julien Barthet\" target=\"_blank\" rel=\"noopener\"><br \/>\n                                                Voir les publications de l&rsquo;auteur<br \/>\n                                            <\/a><\/p>\n<p>                                <script async src=\"https:\/\/platform.twitter.com\/widgets.js\" charset=\"utf-8\"><\/script><\/p>\n","protected":false},"excerpt":{"rendered":"C\u2019est peu de temps apr\u00e8s avoir d\u00e9croch\u00e9 sa pole position lors du Grand-Prix de France de MotoGP, que&hellip;\n","protected":false},"author":2,"featured_media":108465,"comment_status":"","ping_status":"","sticky":false,"template":"","format":"standard","meta":{"footnotes":""},"categories":[1413],"tags":[1680,1011,27,1457,1456,1458,60],"class_list":{"0":"post-108464","1":"post","2":"type-post","3":"status-publish","4":"format-standard","5":"has-post-thumbnail","7":"category-moto","8":"tag-fabio-quartararo","9":"tag-fr","10":"tag-france","11":"tag-moto","12":"tag-motocycle","13":"tag-motogp","14":"tag-sports"},"share_on_mastodon":{"url":"https:\/\/pubeurope.com\/@fr\/114526806588753262","error":""},"_links":{"self":[{"href":"https:\/\/www.europesays.com\/fr\/wp-json\/wp\/v2\/posts\/108464","targetHints":{"allow":["GET"]}}],"collection":[{"href":"https:\/\/www.europesays.com\/fr\/wp-json\/wp\/v2\/posts"}],"about":[{"href":"https:\/\/www.europesays.com\/fr\/wp-json\/wp\/v2\/types\/post"}],"author":[{"embeddable":true,"href":"https:\/\/www.europesays.com\/fr\/wp-json\/wp\/v2\/users\/2"}],"replies":[{"embeddable":true,"href":"https:\/\/www.europesays.com\/fr\/wp-json\/wp\/v2\/comments?post=108464"}],"version-history":[{"count":0,"href":"https:\/\/www.europesays.com\/fr\/wp-json\/wp\/v2\/posts\/108464\/revisions"}],"wp:featuredmedia":[{"embeddable":true,"href":"https:\/\/www.europesays.com\/fr\/wp-json\/wp\/v2\/media\/108465"}],"wp:attachment":[{"href":"https:\/\/www.europesays.com\/fr\/wp-json\/wp\/v2\/media?parent=108464"}],"wp:term":[{"taxonomy":"category","embeddable":true,"href":"https:\/\/www.europesays.com\/fr\/wp-json\/wp\/v2\/categories?post=108464"},{"taxonomy":"post_tag","embeddable":true,"href":"https:\/\/www.europesays.com\/fr\/wp-json\/wp\/v2\/tags?post=108464"}],"curies":[{"name":"wp","href":"https:\/\/api.w.org\/{rel}","templated":true}]}}