{"id":108466,"date":"2025-05-18T03:52:10","date_gmt":"2025-05-18T03:52:10","guid":{"rendered":"https:\/\/www.europesays.com\/fr\/108466\/"},"modified":"2025-05-18T03:52:10","modified_gmt":"2025-05-18T03:52:10","slug":"en-video-lenorme-crash-de-yuki-tsunoda-durant-les-qualifications-a-imola","status":"publish","type":"post","link":"https:\/\/www.europesays.com\/fr\/108466\/","title":{"rendered":"en vid\u00e9o, l\u2019\u00e9norme crash de Yuki Tsunoda durant les qualifications \u00e0 Imola"},"content":{"rendered":"<p>Le Japonais a tap\u00e9 extr\u00eamement fort avec la Red Bull durant la premi\u00e8re phase des qualifications du Grand Prix d\u2019Emilie-Romagne.<\/p>\n<p class=\"fig-paragraph\">Enorme frayeur pour Yuki Tsunoda lors des qualifications\u00a0<a href=\"http:\/\/www.lefigaro.fr\/sports\/formule-1\/formule-1-ferrari-et-lewis-hamilton-en-quete-d-un-miracle-a-domicile-20250514\" data-fig-type=\"NewsFlash\" data-gtm-custom-categorie=\"navigation\" data-gtm-custom-action=\"crossclick\" data-gtm-custom-label=\"Contextuel\" data-gtm-event=\"customEventSPE\" data-fig-domain=\"LEFIGARO\" target=\"_blank\" rel=\"noopener\">du Grand Prix d\u2019Emilie-Romagne<\/a>\u00a0\u00e0 Imola ce samedi. Au cours de la premi\u00e8re phase, le pilote a mordu sur le vibreur et perdu l\u2019arri\u00e8re de sa Red Bull. \u00c0 tr\u00e8s haute vitesse, le Japonais est parti en toupie avec sa voiture avant d\u2019aller taper violemment le mur de pneumatiques.<\/p>\n<p class=\"fig-paragraph\">La brutalit\u00e9 du choc fut telle que la monoplace a effectu\u00e9 un tonneau avant de retomber au sol. Heureusement, l\u2019ancien co\u00e9quipier d\u2019Isack Hadjar a pu s\u2019extraire de son cockpit tr\u00e8s rapidement et ne semblait pas bless\u00e9.<\/p>\n<p>Cinqui\u00e8me grand prix avec Red Bull pour Tsunoda<\/p>\n<p class=\"fig-paragraph\">Cet accident est une bien mauvaise nouvelle pour\u00a0<a href=\"http:\/\/www.lefigaro.fr\/sports\/formule-1\/formule-1-yuki-tsunoda-va-remplacer-liam-lawson-chez-red-bull-20250326\" data-fig-type=\"NewsFlash\" data-gtm-custom-categorie=\"navigation\" data-gtm-custom-action=\"crossclick\" data-gtm-custom-label=\"Contextuel\" data-gtm-event=\"customEventSPE\" data-fig-domain=\"LEFIGARO\" target=\"_blank\" rel=\"noopener\">Tsunoda promu<\/a>\u00a0en avril chez Red Bull en remplacement de Liam Lawson, \u00e9cart\u00e9 apr\u00e8s deux courses seulement. Le transfuge de Racing Bulls, qui d\u00e9fend les couleurs de l\u2019\u00e9curie de Milton Keynes pour la cinqui\u00e8me fois depuis le Grand Prix du Japon a inscrit 6 points (9 au total si l\u2019on ajoute ceux obtenus avec son ancienne \u00e9curie), dont quatre \u00e0 Miami, son meilleur r\u00e9sultat pour le moment.<\/p>\n","protected":false},"excerpt":{"rendered":"Le Japonais a tap\u00e9 extr\u00eamement fort avec la Red Bull durant la premi\u00e8re phase des qualifications du Grand&hellip;\n","protected":false},"author":2,"featured_media":108467,"comment_status":"","ping_status":"","sticky":false,"template":"","format":"standard","meta":{"footnotes":""},"categories":[1412],"tags":[1977,1976,525,1981,1979,1983,1451,1452,1453,1454,1455,1011,27,1982,1978,1980,60],"class_list":{"0":"post-108466","1":"post","2":"type-post","3":"status-publish","4":"format-standard","5":"has-post-thumbnail","7":"category-f1","8":"tag-auto","9":"tag-auto-moto","10":"tag-calendrier","11":"tag-classement","12":"tag-constructeurs","13":"tag-essai","14":"tag-f1","15":"tag-formula-1","16":"tag-formula1","17":"tag-formule-1","18":"tag-formule1","19":"tag-fr","20":"tag-france","21":"tag-grand-prix","22":"tag-pilotes","23":"tag-resultats","24":"tag-sports"},"share_on_mastodon":{"url":"https:\/\/pubeurope.com\/@fr\/114526810803593668","error":""},"_links":{"self":[{"href":"https:\/\/www.europesays.com\/fr\/wp-json\/wp\/v2\/posts\/108466","targetHints":{"allow":["GET"]}}],"collection":[{"href":"https:\/\/www.europesays.com\/fr\/wp-json\/wp\/v2\/posts"}],"about":[{"href":"https:\/\/www.europesays.com\/fr\/wp-json\/wp\/v2\/types\/post"}],"author":[{"embeddable":true,"href":"https:\/\/www.europesays.com\/fr\/wp-json\/wp\/v2\/users\/2"}],"replies":[{"embeddable":true,"href":"https:\/\/www.europesays.com\/fr\/wp-json\/wp\/v2\/comments?post=108466"}],"version-history":[{"count":0,"href":"https:\/\/www.europesays.com\/fr\/wp-json\/wp\/v2\/posts\/108466\/revisions"}],"wp:featuredmedia":[{"embeddable":true,"href":"https:\/\/www.europesays.com\/fr\/wp-json\/wp\/v2\/media\/108467"}],"wp:attachment":[{"href":"https:\/\/www.europesays.com\/fr\/wp-json\/wp\/v2\/media?parent=108466"}],"wp:term":[{"taxonomy":"category","embeddable":true,"href":"https:\/\/www.europesays.com\/fr\/wp-json\/wp\/v2\/categories?post=108466"},{"taxonomy":"post_tag","embeddable":true,"href":"https:\/\/www.europesays.com\/fr\/wp-json\/wp\/v2\/tags?post=108466"}],"curies":[{"name":"wp","href":"https:\/\/api.w.org\/{rel}","templated":true}]}}