{"id":1084831,"date":"2026-07-24T08:38:15","date_gmt":"2026-07-24T08:38:15","guid":{"rendered":"https:\/\/www.europesays.com\/fr\/1084831\/"},"modified":"2026-07-24T08:38:15","modified_gmt":"2026-07-24T08:38:15","slug":"orange-reprend-lentreprise-bretonne-obvios-mais-pas-tous-ses-salaries","status":"publish","type":"post","link":"https:\/\/www.europesays.com\/fr\/1084831\/","title":{"rendered":"Orange reprend l\u2019entreprise bretonne Obvios, mais pas tous ses salari\u00e9s"},"content":{"rendered":"<p>L\u2019avenir se d\u00e9gage pour l\u2019entreprise bretonne Obvios. En difficult\u00e9s financi\u00e8res, le sp\u00e9cialiste des r\u00e9seaux de 5G priv\u00e9e, jusqu\u2019ici filiale de l\u2019institut de recherche technologique B-Com, \u00e9tait \u00e0 la recherche d\u2019un repreneur dans le cadre d\u2019une proc\u00e9dure de sauvegarde ouverte en avril, convertie en redressement judiciaire d\u00e9but juin. Elle employait jusqu&rsquo;ici 42 salari\u00e9s, r\u00e9partis entre Rennes et Lannion (22).<\/p>\n<p>Selon nos informations, parmi les offres d\u00e9pos\u00e9es, c\u2019est celle d\u2019Orange qui a \u00e9t\u00e9 retenue par le tribunal de commerce de Rennes, mercredi 22 juillet. Le jugement fixe la date de cession au 1er ao\u00fbt, indique une source judiciaire. Contact\u00e9, Orange confirme que le tribunal de commerce a valid\u00e9 \u00ab la reprise des actifs strat\u00e9giques d\u2019Obvios ainsi que l\u2019int\u00e9gration d\u2019une partie de ses \u00e9quipes au sein du groupe \u00bb. B-Com n\u2019\u00e9tait joignable dans l\u2019imm\u00e9diat.<\/p>\n<p>Selon une source proche de la direction, Orange ne reprend que 18 salari\u00e9s, \u00ab soit un peu plus de 40 % de l\u2019\u00e9quipe actuelle \u00bb. \u00ab Nous avons \u00e9t\u00e9 forc\u00e9ment incit\u00e9s par les pouvoirs publics \u00e0 nous int\u00e9resser \u00e0 Obvios afin de pr\u00e9server les comp\u00e9tences sur le territoire ainsi que le savoir-faire \u00bb, confie la m\u00eame source.<\/p>\n<blockquote><p>Les salari\u00e9s concern\u00e9s seront accompagn\u00e9s avec attention et responsabilit\u00e9 dans leur int\u00e9gration, dans le m\u00eame bassin d\u2019emploi en Bretagne<\/p><\/blockquote>\n<p>Dans un message \u00e9crit, Orange promet que \u00ab les salari\u00e9s concern\u00e9s seront accompagn\u00e9s avec attention et responsabilit\u00e9 dans leur int\u00e9gration, dans le m\u00eame bassin d\u2019emploi en Bretagne, territoire reconnu pour ses expertises technologiques \u00bb. Il ajoute que l\u2019acquisition d\u2019Obvios lui permet \u00ab de compl\u00e9ter son offre et de renforcer ses expertises au service des acteurs de la d\u00e9fense, de la s\u00e9curit\u00e9 et des infrastructures critiques \u00bb. Il promet \u00ab des pr\u00e9cisions compl\u00e9mentaires \u00e0 la rentr\u00e9e sur ce projet et sur sa vision strat\u00e9gique dans ce secteur \u00bb.<\/p>\n<p>Situation tendue<\/p>\n<p>Issu de travaux men\u00e9s par B-Com, Obvios a vu le jour pour d\u00e9ployer et commercialiser une technologie permettant de d\u00e9ployer des r\u00e9seaux de 5G r\u00e9serv\u00e9s \u00e0 des industriels, des sites militaires, des centrales nucl\u00e9aires ou des grands \u00e9v\u00e9nements (comme des festivals ou les Jeux olympiques de Paris). Cr\u00e9\u00e9e en 2023, la start-up s\u2019est vite retrouv\u00e9e confront\u00e9e \u00e0 une activit\u00e9 commerciale au ralenti, ne permettant pas de couvrir les charges et obligeant l\u2019institut de recherche technologique et les pouvoirs publics \u00e0 boucher les trous.<\/p>\n<p>Une situation tendue, qui a conduit \u00e0 placer Obvios sous la protection du tribunal de commerce. \u00ab L\u2019entreprise ne dispose plus des ressources financi\u00e8res n\u00e9cessaires pour attendre le d\u00e9collage d\u2019un march\u00e9 encore insuffisamment mature, notamment en France et en Europe \u00bb, expliquait B-Com il y a quelques mois. Sous la houlette d\u2019Orange, les choses pourraient changer. \u00ab Obvios va b\u00e9n\u00e9ficier de la force de frappe d\u2019un grand groupe et des opportunit\u00e9s commerciales qui vont avec \u00bb, pr\u00e9dit un sp\u00e9cialiste breton du num\u00e9rique.<\/p>\n","protected":false},"excerpt":{"rendered":"L\u2019avenir se d\u00e9gage pour l\u2019entreprise bretonne Obvios. En difficult\u00e9s financi\u00e8res, le sp\u00e9cialiste des r\u00e9seaux de 5G priv\u00e9e, jusqu\u2019ici&hellip;\n","protected":false},"author":2,"featured_media":1084832,"comment_status":"","ping_status":"","sticky":false,"template":"","format":"standard","meta":{"footnotes":"","_share_on_mastodon":"0"},"categories":[2821],"tags":[1111,11,829,33,96513,257,1777,674,1011,27,848,5862,12,738,584,25,81869],"class_list":["post-1084831","post","type-post","status-publish","format-standard","has-post-thumbnail","category-rennes","tag-actu","tag-actualites","tag-bretagne","tag-economie","tag-en-continu-economie","tag-entreprise","tag-eu","tag-europe","tag-fr","tag-france","tag-ille-et-vilaine","tag-lannion","tag-news","tag-orange","tag-rennes","tag-republique-francaise","tag-tech-startup"],"share_on_mastodon":{"url":"","error":""},"_links":{"self":[{"href":"https:\/\/www.europesays.com\/fr\/wp-json\/wp\/v2\/posts\/1084831","targetHints":{"allow":["GET"]}}],"collection":[{"href":"https:\/\/www.europesays.com\/fr\/wp-json\/wp\/v2\/posts"}],"about":[{"href":"https:\/\/www.europesays.com\/fr\/wp-json\/wp\/v2\/types\/post"}],"author":[{"embeddable":true,"href":"https:\/\/www.europesays.com\/fr\/wp-json\/wp\/v2\/users\/2"}],"replies":[{"embeddable":true,"href":"https:\/\/www.europesays.com\/fr\/wp-json\/wp\/v2\/comments?post=1084831"}],"version-history":[{"count":0,"href":"https:\/\/www.europesays.com\/fr\/wp-json\/wp\/v2\/posts\/1084831\/revisions"}],"wp:featuredmedia":[{"embeddable":true,"href":"https:\/\/www.europesays.com\/fr\/wp-json\/wp\/v2\/media\/1084832"}],"wp:attachment":[{"href":"https:\/\/www.europesays.com\/fr\/wp-json\/wp\/v2\/media?parent=1084831"}],"wp:term":[{"taxonomy":"category","embeddable":true,"href":"https:\/\/www.europesays.com\/fr\/wp-json\/wp\/v2\/categories?post=1084831"},{"taxonomy":"post_tag","embeddable":true,"href":"https:\/\/www.europesays.com\/fr\/wp-json\/wp\/v2\/tags?post=1084831"}],"curies":[{"name":"wp","href":"https:\/\/api.w.org\/{rel}","templated":true}]}}