{"id":1084888,"date":"2026-07-24T09:13:16","date_gmt":"2026-07-24T09:13:16","guid":{"rendered":"https:\/\/www.europesays.com\/fr\/1084888\/"},"modified":"2026-07-24T09:13:16","modified_gmt":"2026-07-24T09:13:16","slug":"atp-toronto-monfils-remercie-ses-fans-jai-eu-beaucoup-de-chance-davoir-beaucoup-damour-du-public-forcement-cest-quelque-chose-que-jaurais-du","status":"publish","type":"post","link":"https:\/\/www.europesays.com\/fr\/1084888\/","title":{"rendered":"ATP &#8211; Toronto > Monfils remercie ses fans : \u00a0\u00bb\u00a0J\u2019ai eu beaucoup de chance d\u2019avoir beaucoup d\u2019amour du public. Forc\u00e9ment, c\u2019est quelque chose que j\u2019aurais du mal \u00e0 expliquer, mais le public a fait pour moi \u00e9norm\u00e9ment dans ma carri\u00e8re\u00a0\u00bb"},"content":{"rendered":"<p><a href=\"https:\/\/www.welovetennis.fr\/wp-content\/uploads\/2026\/03\/Monfils-revers.jpeg\" data-caption=\"\" rel=\"nofollow noopener\" target=\"_blank\"><img loading=\"lazy\" decoding=\"async\" width=\"696\" height=\"378\" class=\"entry-thumb td-modal-image lazy\" src=\"data:image\/svg+xml,%3Csvg%20xmlns=\" http:=\"\" data-src=\"https:\/\/www.europesays.com\/fr\/wp-content\/uploads\/2026\/07\/Monfils-revers-696x378.jpeg\" data- data- alt=\"\" title=\"Monfils revers\"\/><\/a><\/p>\n<p>Ga\u00ebl Monfils dispute cette saison la derni\u00e8re ann\u00e9e de son immense carri\u00e8re, lui qui b\u00e9n\u00e9\u00adficie toujours d\u2019un soutien excep\u00adtionnel de la part du public.<\/p>\n<p>Partout o\u00f9 il est pass\u00e9, le Fran\u00e7ais a conquis les fans gr\u00e2ce \u00e0 son style de jeu spec\u00adta\u00adcu\u00adlaire, sa capa\u00adcit\u00e9 \u00e0 faire le show et sa person\u00adna\u00adlit\u00e9 atta\u00adchante. L\u2019un des joueurs les plus appr\u00e9\u00adci\u00e9s du circuit, \u00ab\u202fLa Monf\u202f\u00bb a marqu\u00e9 toute une g\u00e9n\u00e9\u00adra\u00adtion de passionn\u00e9s.<\/p>\n<p>Interrog\u00e9 par nos confr\u00e8res de<a href=\"https:\/\/www.tvasports.ca\/article\/omnium-banque-nationale-gael-monfils-dans-une-tempete-demotions-886657528\" data-type=\"link\" data-id=\"https:\/\/www.tvasports.ca\/article\/omnium-banque-nationale-gael-monfils-dans-une-tempete-demotions-886657528\" data-wpel-link=\"external\" target=\"_blank\" rel=\"nofollow external noopener\"> TVA Sports <\/a>en marge du Masters 1000 de Toronto, le Fran\u00e7ais a tenu \u00e0 adresser un message de grati\u00adtude \u00e0 tous ceux qui l\u2019ont soutenu tout au long de sa carri\u00e8re et qui conti\u00adnuent de l\u2019ac\u00adcom\u00adpa\u00adgner dans ses derniers mois sur le circuit.<\/p>\n<p><strong>\u00ab\u202fJ\u2019ai eu beau\u00adcoup de chance d\u2019avoir beau\u00adcoup d\u2019amour du public. Forc\u00e9ment, c\u2019est quelque chose que j\u2019aurais du mal \u00e0 expli\u00adquer, mais le public a fait pour moi \u00e9nor\u00adm\u00e9\u00adment dans ma carri\u00e8re. Il m\u2019a soutenu et m\u2019a surtout donn\u00e9 de l\u2019\u00e9nergie comme jamais je n\u2019aurais pu imaginer en avoir\u202f\u00bb<\/strong> a d\u00e9clar\u00e9 Ga\u00ebl Monfils.<\/p>\n<p>Le Fran\u00e7ais double demi\u2010finaliste en 2016 et 2019 aura le droit \u00e0 une petite c\u00e9r\u00e9\u00admonie d\u2019adieu.<\/p>\n<p class=\"post-published-date\" style=\"color: silver; font-size: 75%; text-align: left;\">Publi\u00e9 le vendredi 24 juillet 2026 \u00e0 09:42<\/p>\n<p><a href=\"https:\/\/www.welovetennis.fr\/author\/antoine38\" data-wpel-link=\"internal\" rel=\"nofollow noopener\" target=\"_blank\"><img loading=\"lazy\" decoding=\"async\" alt=\"\" src=\"data:image\/svg+xml,%3Csvg%20xmlns=\" http:=\"\" data-src=\"https:\/\/www.europesays.com\/fr\/wp-content\/uploads\/2026\/07\/1784884395_48_dfab3210da7ad2a7c096793da684146674bc12a68d187ecfe3581e9a830640b2.jpeg\" data- class=\"avatar avatar-96 photo lazy\" height=\"96\" width=\"96\"\/><\/a><br \/>\nA propos de l\u2019auteur<br \/>\n<a href=\"https:\/\/www.welovetennis.fr\/author\/antoine38\" data-wpel-link=\"internal\" rel=\"nofollow noopener\" target=\"_blank\">Antoine Touchard<\/a><\/p>\n<p class=\"wlt-author-bio\">Journaliste \/ R\u00e9dacteur chez We Love Tennis.<\/p>\n","protected":false},"excerpt":{"rendered":"Ga\u00ebl Monfils dispute cette saison la derni\u00e8re ann\u00e9e de son immense carri\u00e8re, lui qui b\u00e9n\u00e9\u00adficie toujours d\u2019un soutien&hellip;\n","protected":false},"author":2,"featured_media":1084889,"comment_status":"","ping_status":"","sticky":false,"template":"","format":"standard","meta":{"footnotes":"","_share_on_mastodon":"0"},"categories":[1586],"tags":[11,1777,674,1779,1011,27,3770,12,25,1778,364],"class_list":["post-1084888","post","type-post","status-publish","format-standard","has-post-thumbnail","category-europe","tag-actualites","tag-eu","tag-europe","tag-european-union","tag-fr","tag-france","tag-monfils","tag-news","tag-republique-francaise","tag-ue","tag-union-europeenne"],"share_on_mastodon":{"url":"https:\/\/pubeurope.com\/@fr\/116974191112033199","error":""},"_links":{"self":[{"href":"https:\/\/www.europesays.com\/fr\/wp-json\/wp\/v2\/posts\/1084888","targetHints":{"allow":["GET"]}}],"collection":[{"href":"https:\/\/www.europesays.com\/fr\/wp-json\/wp\/v2\/posts"}],"about":[{"href":"https:\/\/www.europesays.com\/fr\/wp-json\/wp\/v2\/types\/post"}],"author":[{"embeddable":true,"href":"https:\/\/www.europesays.com\/fr\/wp-json\/wp\/v2\/users\/2"}],"replies":[{"embeddable":true,"href":"https:\/\/www.europesays.com\/fr\/wp-json\/wp\/v2\/comments?post=1084888"}],"version-history":[{"count":0,"href":"https:\/\/www.europesays.com\/fr\/wp-json\/wp\/v2\/posts\/1084888\/revisions"}],"wp:featuredmedia":[{"embeddable":true,"href":"https:\/\/www.europesays.com\/fr\/wp-json\/wp\/v2\/media\/1084889"}],"wp:attachment":[{"href":"https:\/\/www.europesays.com\/fr\/wp-json\/wp\/v2\/media?parent=1084888"}],"wp:term":[{"taxonomy":"category","embeddable":true,"href":"https:\/\/www.europesays.com\/fr\/wp-json\/wp\/v2\/categories?post=1084888"},{"taxonomy":"post_tag","embeddable":true,"href":"https:\/\/www.europesays.com\/fr\/wp-json\/wp\/v2\/tags?post=1084888"}],"curies":[{"name":"wp","href":"https:\/\/api.w.org\/{rel}","templated":true}]}}