{"id":108496,"date":"2025-05-18T04:09:10","date_gmt":"2025-05-18T04:09:10","guid":{"rendered":"https:\/\/www.europesays.com\/fr\/108496\/"},"modified":"2025-05-18T04:09:10","modified_gmt":"2025-05-18T04:09:10","slug":"loire-il-y-a-40-ans-levade-du-palais-de-justice-se-faisait-la-belle-a-la-talaudiere","status":"publish","type":"post","link":"https:\/\/www.europesays.com\/fr\/108496\/","title":{"rendered":"Loire. Il y a 40 ans, \u00ab\u00a0l&rsquo;\u00e9vad\u00e9 du Palais de justice\u00a0\u00bb se faisait la belle \u00e0 La Talaudi\u00e8re"},"content":{"rendered":"<p>Deux \u00e9vasions, \u00e0 deux ann\u00e9es d&rsquo;intervalle. C&rsquo;est le palmar\u00e8s de Bernard V., dont le visage, en ce mardi 14 mai 1985, s&rsquo;affiche \u00e0 la une de La Tribune-Le Progr\u00e8s. La veille en d\u00e9but d&rsquo;apr\u00e8s-midi, le jeune homme vient de r\u00e9ussir \u00e0 s&rsquo;\u00e9vader de la maison d&rsquo;arr\u00eat de La Talaudi\u00e8re (*).<\/p>\n<p>L&rsquo;\u00e9vasion se joue en un rien de temps, aux alentours de 14 heures. Le d\u00e9tenu parvient d&rsquo;abord \u00e0 s&rsquo;\u00e9chapper de la cour de promenade en escaladant le grillage haut de 4 m\u00e8tres. \u00ab Mais cela ne suffit pas pour s&rsquo;\u00e9vader d&rsquo;une maison d&rsquo;arr\u00eat. Reste le mur d&rsquo;enceinte, et c&rsquo;est l\u00e0 qu&rsquo;intervinrent les complices\u00a0\u00bb, d\u00e9crit notre journaliste Bernard Bonfanti, dans l&rsquo;\u00e9dition du mardi 14 mai 1985.<\/p>\n<p>Quatre coups de feu<\/p>\n<p>Le sc\u00e9nario est bien rod\u00e9. \u00ab Se glissant derri\u00e8re un v\u00e9hicule de livraison qui franchissait le portail, trois hommes \u00e0 bord d&rsquo;une Renault R11 blanche bloqu\u00e8rent la grille \u00e9lectrique avec leur voiture. L&rsquo;un des hommes, coiff\u00e9 d&rsquo;une cagoule, sortit une arme de poing et tira \u00e0 quatre reprises sur la gu\u00e9rite des gardiens pour les emp\u00eacher d&rsquo;intervenir.\u00a0\u00bb<\/p>\n<p>Dans le m\u00eame temps, le fugitif parvenait \u00e0 rejoindre ses complices et les quatre hommes s&rsquo;engouffraient dans une voiture Rover stationn\u00e9e devant la maison d&rsquo;arr\u00eat. Malgr\u00e9 les tirs de riposte des surveillants, le v\u00e9hicule parvient \u00e0 s\u2019enfuir. \u00ab Le tout avait dur\u00e9 \u00e0 peine une minute\u00a0\u00bb, pr\u00e9cise notre reportage.<\/p>\n<p>Rapidement, l&rsquo;enqu\u00eate d\u00e9bute. Elle permet d&rsquo;\u00e9tablir que les deux voitures utilis\u00e9es pour l&rsquo;\u00e9vasion ont \u00e9t\u00e9 vol\u00e9es, la nuit pr\u00e9c\u00e9dente, \u00e0 Saint-Chamond. Mais pas de traces des fuyards \u00e0 Marseille, ville o\u00f9 on suppose que Bernard V. aurait pu trouver refuge, puisque c&rsquo;est l\u00e0 qu&rsquo;il avait \u00e9t\u00e9 interpell\u00e9 apr\u00e8s sa premi\u00e8re \u00e9vasion.<\/p>\n<p>  Repris deux semaines plus tard, sur un hold-up<\/p>\n<p>Pendant deux semaines, l&rsquo;enqu\u00eate pi\u00e9tine. Pas de trace de Bernard V., ni \u00e0 Saint-\u00c9tienne, ni \u00e0 Marseille. Et c&rsquo;est finalement \u00e0 l&rsquo;oppos\u00e9, dans la r\u00e9gion de Chaumont en Haute-Marne, qu&rsquo;il r\u00e9appara\u00eet, le mercredi 29 mai 1985.<\/p>\n<p>Ce jour-l\u00e0, un hold-up est commis dans une banque. Les malfaiteurs arm\u00e9s se font remettre 150 000 francs et s&rsquo;enfuient en voiture&#8230; Mais ils sont cours\u00e9s par les forces de l&rsquo;ordre. Abandonnant leur v\u00e9hicule sur l&rsquo;autoroute, ils s&rsquo;\u00e9chappent \u00e0 pied et l&rsquo;un d&rsquo;eux se fait prendre\u00a0: c&rsquo;est Bernard V., le fugitif st\u00e9phanois.<\/p>\n<p>Retour \u00e0 la case d\u00e9part.<\/p>\n<p class=\"note\">(*) La maison d&rsquo;arr\u00eat de La Talaudi\u00e8re, en 1985, comptait 504 d\u00e9tenus pour 178 places.<\/p>\n<p>        &#13;<br \/>\n          <a href=\"https:\/\/cdn-s-www.leprogres.fr\/images\/3283fe96-91fd-4c5f-b28f-6d00d6419fdd\/NW_raw\/le-suspect-bernard-v-en-cavale-pour-la-deuxieme-fois-alors-qu-il-n-a-que-21-ans-photo-archives-la-tribune-le-progres-1747504072.jpg\" title=\"Le suspect, Bernard V., en cavale pour la deuxi\u00e8me fois alors qu&#039;il n&#039;a que 21 ans. Photo archives La Tribune-Le Progr\u00e8s\" class=\"chocolat-image GA-tracking\" data-ga_type=\"click\" data-ga_category=\"D\u00e9tail\" data-ga_action=\"zoomer\" data-ga_label=\"agrandir image\" target=\"_blank\" rel=\"noopener\">&#13;<br \/>\n            <img loading=\"lazy\" decoding=\"async\" src=\"https:\/\/www.europesays.com\/fr\/wp-content\/uploads\/2025\/05\/le-suspect-bernard-v-en-cavale-pour-la-deuxieme-fois-alors-qu-il-n-a-que-21-ans-photo-archives-la-tr.jpeg\" alt=\"Le suspect, Bernard V., en cavale pour la deuxi\u00e8me fois alors qu'il n'a que 21 ans. Photo archives La Tribune-Le Progr\u00e8s\"\/>&#13;<br \/>\n          <\/a>&#13;<br \/>\n          &#13;<\/p>\n<p class=\"insetTitle\">De la petite d\u00e9linquance au grand banditisme<\/p>\n<p>Natif du Chambon-Feugerolles et \u00e2g\u00e9 de 21 ans en 1985, Bernard V. avait connu une ascension rapide dans \u00ab le milieu\u00a0\u00bb st\u00e9phanois. D&rsquo;abord connu pour de petits d\u00e9lits (vols, cambriolages, coups et blessures avec arme), il r\u00e9alise son premier fait d&rsquo;armes en ao\u00fbt 1983, lorsqu&rsquo;il parvient \u00e0 s&rsquo;\u00e9vader du Palais de justice de Saint-\u00c9tienne.<\/p>\n<p>Plac\u00e9 dans une cellule dans l&rsquo;attente d&rsquo;un jugement, il avait profit\u00e9 qu&rsquo;un barreau avait \u00e9t\u00e9 tordu par un pr\u00e9c\u00e9dent d\u00e9tenu (et mal redress\u00e9 ensuite) pour se glisser dans une faille de 18 centim\u00e8tres et s&rsquo;\u00e9chapper.<\/p>\n<p>Sa cavale avait dur\u00e9 un an, jusqu&rsquo;\u00e0 ce qu&rsquo;il ne soit appr\u00e9hend\u00e9 \u00e0 Marseille, apr\u00e8s avoir \u00e9volu\u00e9 \u00ab de la petite d\u00e9linquance au grand banditisme\u00a0\u00bb. Il tombe en effet lors du d\u00e9mant\u00e8lement d&rsquo;un trafic d&rsquo;armes de guerre, et son \u00e9vasion de mai 1985, orchestr\u00e9e au millim\u00e8tre, avait confirm\u00e9 les soup\u00e7ons des policiers quant \u00e0 son appartenance \u00e0 un gang.<\/p>\n","protected":false},"excerpt":{"rendered":"Deux \u00e9vasions, \u00e0 deux ann\u00e9es d&rsquo;intervalle. C&rsquo;est le palmar\u00e8s de Bernard V., dont le visage, en ce mardi&hellip;\n","protected":false},"author":2,"featured_media":108497,"comment_status":"","ping_status":"","sticky":false,"template":"","format":"standard","meta":{"footnotes":""},"categories":[9653],"tags":[1111,11,2430,271,272,7539,1777,674,274,1011,27,937,12053,12,25,11985,4001,10806],"class_list":{"0":"post-108496","1":"post","2":"type-post","3":"status-publish","4":"format-standard","5":"has-post-thumbnail","7":"category-saint-etienne","8":"tag-actu","9":"tag-actualites","10":"tag-auvergne-rhone-alpes","11":"tag-crime","12":"tag-delit-et-contravention","13":"tag-edition-loire-sud","14":"tag-eu","15":"tag-europe","16":"tag-faits-divers-justice","17":"tag-fr","18":"tag-france","19":"tag-histoire","20":"tag-la-talaudiere","21":"tag-news","22":"tag-republique-francaise","23":"tag-retro","24":"tag-saint-etienne","25":"tag-selection-de-la-redaction-42"},"share_on_mastodon":{"url":"https:\/\/pubeurope.com\/@fr\/114526877503867476","error":""},"_links":{"self":[{"href":"https:\/\/www.europesays.com\/fr\/wp-json\/wp\/v2\/posts\/108496","targetHints":{"allow":["GET"]}}],"collection":[{"href":"https:\/\/www.europesays.com\/fr\/wp-json\/wp\/v2\/posts"}],"about":[{"href":"https:\/\/www.europesays.com\/fr\/wp-json\/wp\/v2\/types\/post"}],"author":[{"embeddable":true,"href":"https:\/\/www.europesays.com\/fr\/wp-json\/wp\/v2\/users\/2"}],"replies":[{"embeddable":true,"href":"https:\/\/www.europesays.com\/fr\/wp-json\/wp\/v2\/comments?post=108496"}],"version-history":[{"count":0,"href":"https:\/\/www.europesays.com\/fr\/wp-json\/wp\/v2\/posts\/108496\/revisions"}],"wp:featuredmedia":[{"embeddable":true,"href":"https:\/\/www.europesays.com\/fr\/wp-json\/wp\/v2\/media\/108497"}],"wp:attachment":[{"href":"https:\/\/www.europesays.com\/fr\/wp-json\/wp\/v2\/media?parent=108496"}],"wp:term":[{"taxonomy":"category","embeddable":true,"href":"https:\/\/www.europesays.com\/fr\/wp-json\/wp\/v2\/categories?post=108496"},{"taxonomy":"post_tag","embeddable":true,"href":"https:\/\/www.europesays.com\/fr\/wp-json\/wp\/v2\/tags?post=108496"}],"curies":[{"name":"wp","href":"https:\/\/api.w.org\/{rel}","templated":true}]}}